{"id":11465,"date":"2023-05-15T12:08:57","date_gmt":"2023-05-15T18:08:57","guid":{"rendered":"https:\/\/funpadem.org\/?p=11465"},"modified":"2024-01-22T15:28:15","modified_gmt":"2024-01-22T21:28:15","slug":"conferencia-armas-autonomas-cr","status":"publish","type":"post","link":"https:\/\/funpadem.org\/index.php\/2023\/05\/15\/conferencia-armas-autonomas-cr\/","title":{"rendered":"Mesa redonda sobre el impacto humanitario de las armas aut\u00f3nomas y pasos hacia el proceso de negociaci\u00f3n de un instrumento jur\u00eddicamente vinculante"},"content":{"rendered":"\t\t<div data-elementor-type=\"wp-post\" data-elementor-id=\"11465\" class=\"elementor elementor-11465\" data-elementor-post-type=\"post\">\n\t\t\t\t\t\t<section class=\"elementor-section elementor-top-section elementor-element elementor-element-446c60b4 elementor-section-boxed elementor-section-height-default elementor-section-height-default\" data-id=\"446c60b4\" data-element_type=\"section\">\n\t\t\t\t\t\t<div class=\"elementor-container elementor-column-gap-default\">\n\t\t\t\t\t<div class=\"elementor-column elementor-col-100 elementor-top-column elementor-element elementor-element-211f0340\" data-id=\"211f0340\" data-element_type=\"column\">\n\t\t\t<div class=\"elementor-widget-wrap elementor-element-populated\">\n\t\t\t\t\t\t<div class=\"elementor-element elementor-element-90f5e08 elementor-widget elementor-widget-text-editor\" data-id=\"90f5e08\" data-element_type=\"widget\" data-widget_type=\"text-editor.default\">\n\t\t\t\t<div class=\"elementor-widget-container\">\n\t\t\t\t\t\t\t\t\t<p><strong>Monto<\/strong>: US $421.078,61<\/p><p><strong>Tiempo de ejecuci\u00f3n:<\/strong> junio 2022 &#8211;\u00a0 abril 2023<\/p><p><strong>Eje program\u00e1tico:<\/strong> Seguridad y prevenci\u00f3n de la violencia<\/p><p><strong>Pa\u00eds(es):<\/strong> Latinoam\u00e9rica y el Caribe\u00a0<\/p><div><p>Costa Rica ha participado activamente en las negociaciones que se han desarrollado en el marco de la CCW y el Grupo Gubernamental de Expertos sobre sistemas de armas aut\u00f3nomas. Desde el a\u00f1o 2020 el MFACR ha coordinado, junto con FUNPADEM, diversas acciones para fortalecer la posici\u00f3n internacional y la construcci\u00f3n de insumos t\u00e9cnico-jur\u00eddicos para promover la prohibici\u00f3n de este tipo de armamento.<\/p><p>FUNPADEM en conjunto con el Ministerio de Relaciones Exteriores y Culto desarrollaron la \u201cConferencia Internacional sobre el impacto humanitario de las armas aut\u00f3nomas&#8221;. Durante dos d\u00edas, m\u00e1s de 60 representantes de 33 pa\u00edses latinoamericanos, organismos internacionales y sociedad civil dialogaron en Costa Rica sobre las implicaciones de este tipo de armas. Como producto de este di\u00e1logo se firm\u00f3 \u201cEl Espirit\u00fa de Bel\u00e9n\u201d.<\/p><p>Como resultado de estas acciones, en febrero de 2023, se realiz\u00f3 un espacio de di\u00e1logo latinoamericano y caribe\u00f1o &#8220;Mesa redonda sobre el impacto humanitario de las armas aut\u00f3nomas&#8221;. La Mesa Redonda consisti\u00f3 en un evento de alto nivel en el que fueron invitados tres participantes de cada delegaci\u00f3n: (1) El Viceministro de Relaciones Exteriores de cada pa\u00eds, (2) dos Representantes de Pa\u00eds de la Misi\u00f3n de Ginebra o Nueva York \u0301s respectivo pa\u00eds.<\/p><\/div><div>Sitio web de la conferencia: https:\/\/conferenciaawscostarica2023.com\u00a0<\/div><p>\u00a0<\/p>\t\t\t\t\t\t\t\t<\/div>\n\t\t\t\t<\/div>\n\t\t\t\t\t<\/div>\n\t\t<\/div>\n\t\t\t\t\t<\/div>\n\t\t<\/section>\n\t\t\t\t<\/div>\n\t\t","protected":false},"excerpt":{"rendered":"<p>Monto: US $421.078,61 Tiempo de ejecuci\u00f3n: junio 2022 &#8211;\u00a0 abril 2023 Eje program\u00e1tico: Seguridad y prevenci\u00f3n de la violencia Pa\u00eds(es): Latinoam\u00e9rica y el Caribe Costa Rica ha participado activamente en las negociaciones que se han desarrollado en el marco de la CCW y el Grupo Gubernamental de Expertos sobre sistemas de armas aut\u00f3nomas. Desde el [&hellip;]<\/p>\n","protected":false},"author":2,"featured_media":11483,"comment_status":"open","ping_status":"closed","sticky":false,"template":"","format":"standard","meta":{"_bbp_topic_count":0,"_bbp_reply_count":0,"_bbp_total_topic_count":0,"_bbp_total_reply_count":0,"_bbp_voice_count":0,"_bbp_anonymous_reply_count":0,"_bbp_topic_count_hidden":0,"_bbp_reply_count_hidden":0,"_bbp_forum_subforum_count":0,"footnotes":""},"categories":[71,60,58],"tags":[],"class_list":["post-11465","post","type-post","status-publish","format-standard","has-post-thumbnail","hentry","category-2021-2025","category-costa-rica","category-seguridad-y-prevencion-de-la-violencia"],"_links":{"self":[{"href":"https:\/\/funpadem.org\/index.php\/wp-json\/wp\/v2\/posts\/11465","targetHints":{"allow":["GET"]}}],"collection":[{"href":"https:\/\/funpadem.org\/index.php\/wp-json\/wp\/v2\/posts"}],"about":[{"href":"https:\/\/funpadem.org\/index.php\/wp-json\/wp\/v2\/types\/post"}],"author":[{"embeddable":true,"href":"https:\/\/funpadem.org\/index.php\/wp-json\/wp\/v2\/users\/2"}],"replies":[{"embeddable":true,"href":"https:\/\/funpadem.org\/index.php\/wp-json\/wp\/v2\/comments?post=11465"}],"version-history":[{"count":5,"href":"https:\/\/funpadem.org\/index.php\/wp-json\/wp\/v2\/posts\/11465\/revisions"}],"predecessor-version":[{"id":11485,"href":"https:\/\/funpadem.org\/index.php\/wp-json\/wp\/v2\/posts\/11465\/revisions\/11485"}],"wp:featuredmedia":[{"embeddable":true,"href":"https:\/\/funpadem.org\/index.php\/wp-json\/wp\/v2\/media\/11483"}],"wp:attachment":[{"href":"https:\/\/funpadem.org\/index.php\/wp-json\/wp\/v2\/media?parent=11465"}],"wp:term":[{"taxonomy":"category","embeddable":true,"href":"https:\/\/funpadem.org\/index.php\/wp-json\/wp\/v2\/categories?post=11465"},{"taxonomy":"post_tag","embeddable":true,"href":"https:\/\/funpadem.org\/index.php\/wp-json\/wp\/v2\/tags?post=11465"}],"curies":[{"name":"wp","href":"https:\/\/api.w.org\/{rel}","templated":true}]}}