{"id":11588,"date":"2023-07-04T16:10:19","date_gmt":"2023-07-04T22:10:19","guid":{"rendered":"https:\/\/funpadem.org\/?p=11588"},"modified":"2024-01-22T15:00:15","modified_gmt":"2024-01-22T21:00:15","slug":"proyecto-integremonos","status":"publish","type":"post","link":"https:\/\/funpadem.org\/index.php\/2023\/07\/04\/proyecto-integremonos\/","title":{"rendered":"PROYECTO INTEGR\u00c9MONOS: Inclusi\u00f3n econ\u00f3mica y sociocultural en comunidades de acogida de los cantones fronterizos del norte de Costa Rica."},"content":{"rendered":"\t\t<div data-elementor-type=\"wp-post\" data-elementor-id=\"11588\" class=\"elementor elementor-11588\" data-elementor-post-type=\"post\">\n\t\t\t\t\t\t<section class=\"elementor-section elementor-top-section elementor-element elementor-element-446c60b4 elementor-section-boxed elementor-section-height-default elementor-section-height-default\" data-id=\"446c60b4\" data-element_type=\"section\">\n\t\t\t\t\t\t<div class=\"elementor-container elementor-column-gap-default\">\n\t\t\t\t\t<div class=\"elementor-column elementor-col-100 elementor-top-column elementor-element elementor-element-211f0340\" data-id=\"211f0340\" data-element_type=\"column\">\n\t\t\t<div class=\"elementor-widget-wrap elementor-element-populated\">\n\t\t\t\t\t\t<div class=\"elementor-element elementor-element-90f5e08 elementor-widget elementor-widget-text-editor\" data-id=\"90f5e08\" data-element_type=\"widget\" data-widget_type=\"text-editor.default\">\n\t\t\t\t<div class=\"elementor-widget-container\">\n\t\t\t\t\t\t\t\t\t<p><strong>Monto<\/strong>: I A\u00f1o: 63.222 euros,\u00a0<span style=\"font-family: Helvetica; font-size: 11pt; text-align: justify; color: var( --e-global-color-secondary ); font-weight: var( --e-global-typography-text-font-weight );\">II A\u00f1o: 80.000 euros.<\/span><\/p><p class=\"MsoNormal\" style=\"margin-top: 12.0pt; text-align: justify; line-height: 115%;\">\u00a0<\/p><p><strong>Tiempo de ejecuci\u00f3n:<\/strong> abril 2023-\u00a0 diciembre 2026<\/p><p><strong>Eje program\u00e1tico:<\/strong> Gobernanza Democr\u00e1tica<\/p><p><strong>Pa\u00eds(es):<\/strong>\u00a0Costa Rica<\/p><p><strong>Ubicaci\u00f3n geogr\u00e1fica:<\/strong><\/p><p>Impacto focalizado en la Zona Norte de Costa Rica con \u00e9nfasis en San Carlos (Santa Rosa de Pocosol), La Cruz, Guatuso, Desamparados, Los Chiles. No obstante se prev\u00e9 que algunas actividades generen un impacto indirecto a nivel nacional (protocolo de abordaje policial, capacitaci\u00f3n a operadores judiciales e inspectores laborales, entre otras)<\/p><p><strong>Poblaci\u00f3n beneficiaria directa:<\/strong><\/p><ul><li>Poblaci\u00f3n migrante en condici\u00f3n irregular.<\/li><li>NNA y mujeres v\u00edctimas o posibles v\u00edctimas de violencia basada en g\u00e9nero.<\/li><li>Personas funcionarias p\u00fablicas de Fuerza P\u00fablica, Poder Judicial y el Ministerio de Trabajo y Seguridad Social.<\/li><li>Personas facilitadores judiciales de San Carlos (Santa Rosa de Pocosoll), La Cruz, Guatuso, Desamparados, Los Chiles.<\/li><li>Comunidades de acogida de San Carlos (Santa Rosa de Pocosoll), La Cruz, Guatuso, Desamparados, Los Chiles.<\/li><\/ul><p><strong>L\u00edneas Estrat\u00e9gicas:<\/strong><\/p><ul><li>1.1.5. Fortalecimiento de la ruta de regularizaci\u00f3n migratoria y de seguridad<\/li><li>1.2.4 Campa\u00f1as de comunicaci\u00f3n para incidir en generar empleo digno, informaci\u00f3n de derechos e inserci\u00f3n econ\u00f3mica.<\/li><li>2.1.2 Asistencia jur\u00eddica y psicol\u00f3gica, y autocuidado a ni\u00f1ez mujeres, juventudes, LGBTIQ, en riesgos de VBG.<\/li><li>2.2.2 Promoci\u00f3n para Escalar Convenios Interinstitucionales entre actores p\u00fablicos, sociedad civil y comunitarios; de atenci\u00f3n de derechos de protecci\u00f3n y de acceso a la educaci\u00f3n a nin\u0303os\/nin\u0303as y mujeres en situaci\u00f3n de vulnerabilidad.<\/li><\/ul><p><strong>Actividades a realizar durante los tres a\u00f1os:<\/strong><\/p><p><strong>Primer A\u00f1o:<\/strong><\/p><ul><li>Desarrollo de plataformas de coordinaci\u00f3n local para la atenci\u00f3n de necesidades de poblaci\u00f3n migrante con un modelo de atenci\u00f3n flexible para la promoci\u00f3n del acceso a servicios y acceso a la justicia (Modelo Integral CREDES) \u2013 San Carlos y Guatuso-<\/li><li>Desarrollo de una campa\u00f1a de divulgaci\u00f3n de los servicios ofrecidos en los CREDES (principalmente enfocada en la atenci\u00f3n de denuncia de la violencia basada en g\u00e9nero)<\/li><li>Firma de Convenios para el establecimiento y el adecuado funcionamiento de los CREDES en 5 cantones.<\/li><\/ul><p><strong>Segundo a\u00f1o:<\/strong><\/p><ul><li>Desarrollo de plataformas de coordinaci\u00f3n local para la atenci\u00f3n de necesidades de poblaci\u00f3n migrante con un modelo de atenci\u00f3n flexible para la promoci\u00f3n del acceso a servicios y acceso a la justicia (Modelo Integral CREDES) \u2013 Los Chiles y Desamparados-<\/li><li>Desarrollo de una campan\u0303a de divulgacio\u0301n de los servicios ofrecidos en los CREDES (principalmente enfocada en la atencio\u0301n de denuncia de la violencia basada en ge\u0301nero).<\/li><li>Fortalecimiento de una red de facilitadores judiciales para la difusi\u00f3n de derechos y acompa\u00f1amiento en el acceso a la justicia a poblaciones migrantes en derecho laboral, prevenci\u00f3n y atenci\u00f3n de la VbG y trata de personas<\/li><li>Desarrollo de un protocolo para el abordaje policial de personas v\u00edctimas de violencia de g\u00e9nero dirigido a Fuerza P\u00fablica.<\/li><li>Estrategia de comunicaci\u00f3n y divulgaci\u00f3n articulada con MTSS, Poder Judicial y la DGME para la divulgaci\u00f3n y asesor\u00eda en materia de cumplimiento de derechos laborales y acceso a la justicia laboral.<\/li><li>Firma de Convenios para el establecimiento y el adecuado funcionamiento de los CREDES en 5 cantones.<\/li><li>Capacitaci\u00f3n dirigida a operadores judiciales y a inspectores laborales sobre el adecuado cumplimiento de los derechos humanos de la poblaci\u00f3n en condici\u00f3n de migraci\u00f3n principalmente en materia de derechos laborales.<\/li><\/ul><div><strong>Tercer a\u00f1o:<\/strong><\/div><div><ul><li>Desarrollo de plataformas de coordinaci\u00f3n local para la atenci\u00f3n de necesidades de poblaci\u00f3n migrante con un modelo de atenci\u00f3n flexible para la promoci\u00f3n del acceso a servicios y acceso a la justicia (Modelo Integral CREDES) \u2013 La Cruz-<\/li><li>Desarrollo de una campan\u0303a de divulgacio\u0301n de los servicios ofrecidos en los CREDES (principalmente enfocada en la atencio\u0301n de denuncia de la violencia basada en ge\u0301nero)<\/li><li>Estrategia de comunicaci\u00f3n y divulgaci\u00f3n articulada con MTSS, Poder Judicial y la DGME para la divulgaci\u00f3n y asesor\u00eda en materia de cumplimiento de derechos laborales y acceso a la justicia laboral.<\/li><li>Desarrollo del seminario de buenas pr\u00e1cticas en mecanismos de protecci\u00f3n y respuesta a v\u00edctimas de violencia de g\u00e9nero<\/li><li>Fortalecimiento de una red de facilitadores judiciales para la difusi\u00f3n de derechos y acompa\u00f1amiento en el acceso a la justicia a poblaciones migrantes en derecho laboral, prevenci\u00f3n y atenci\u00f3n de la VbG y trata de personas<\/li><li>Firma de Convenios para el establecimiento y el adecuado funcionamiento de los CREDES en 5 cantones.<\/li><li>Desarrollar un Observatorio de la Integraci\u00f3n (Multicultural) y Equidad Social para la Zona Norte<\/li><\/ul><div><p style=\"text-align: justify; text-justify: inter-ideograph;\"><b><span lang=\"ES-CR\" style=\"font-size: 11.0pt; font-family: 'Helvetica',sans-serif; mso-bidi-font-family: Questrial; color: black; mso-themecolor: text1;\">Resultados esperados durante toda la intervenci\u00f3n:<\/span><\/b><\/p><ul><li>3.000 personas son atendidas en el Modelo Integral CREDES con un enfoque diferencial han aumentado su participaci\u00f3n socioecon\u00f3mica en la comunidad.<\/li><li>05 cantones (Guatuso, Pocosol-SC, La Cruz, Desamparados, Los Chiles) cuentan con CREDES que incluyen la asesor\u00eda para la regularizaci\u00f3n migratoria.<\/li><li>441 personas que finalizan a satisfacci\u00f3n el proceso de regularizaci\u00f3n migratoria a trav\u00e9s del Modelo Integral CREDES.<\/li><li>10.000 personas son alcanzadas en la campa\u00f1a de divulgaci\u00f3n de los servicios del Modelo Integral CREDES (asesor\u00eda para la regularizaci\u00f3n migratoria, orientaci\u00f3n jur\u00eddica para la atenci\u00f3n de la VbG y acceso a servicios en general)<\/li><li>3.600 personas son alcanzadas por medio de la Campa\u00f1a &#8220;P\u00f3ngase en los zapatos de la otra persona&#8221;<\/li><li>3.000 personas son atendidas en los Modelos Integral CREDES de las comunidades de Guatuso, Pocosol-SC, La Cruz, Desamparados, Los Chiles y el 50% son NNA y mujeres.<\/li><li>500 personas v\u00edctimas o en riesgo de violencia de g\u00e9nero reciben asesor\u00eda jur\u00eddica en los CREDES.<\/li><li>250 personas conocen las buenas pr\u00e1cticas en mecanismos de protecci\u00f3n y respuesta a v\u00edctimas de violencia de g\u00e9nero que existen nivel nacional.<\/li><li>100 facilitadores judiciales de los cantones Guatuso, Pocosol-SC, La Cruz, Desamparados, Los Chiles mejoran sus capacidades de asesor\u00eda y orientaci\u00f3n en promoci\u00f3n a la justicia laboral, prevenci\u00f3n y denuncia de la violencia basada en g\u00e9nero y la prevenci\u00f3n y denuncia de la trata de personas que afectan principalmente a las mujeres y NNA.<\/li><li>01 Observatorios de la Integraci\u00f3n (Multicultural) y Equidad Social para la Zona Norte desarrollado.<\/li><li>01 protocolo institucionalizado por parte del MSP para el abordaje policial de las personas v\u00edctimas de violencia de g\u00e9nero.<\/li><li>60 oficiales de polic\u00eda capacitados en el uso del protocolo MSP para el abordaje policial de las personas v\u00edctimas de violencia de g\u00e9nero.<\/li><li>06 Convenios establecidos con las siguientes instituciones: a. Direcci\u00f3n General de Migraci\u00f3n y Extranjer\u00eda, b. CONAMAJ -Poder Judicial. C. Municipalidad de Guatuso, d. Asociaci\u00f3n de Desarrollo de Santa Rosa de Pocosol, e. Instituto Nacional de la Mujer (INAMU), f. Organizaci\u00f3n Internacional de las Migraciones (OIM)<\/li><\/ul><p style=\"text-align: justify; text-justify: inter-ideograph;\"><b><span lang=\"ES-CR\" style=\"font-size: 11.0pt; font-family: 'Helvetica',sans-serif; mso-bidi-font-family: Questrial; color: black; mso-themecolor: text1;\">\u00a0<\/span><\/b><\/p><\/div><\/div><div>\u00a0<\/div>\t\t\t\t\t\t\t\t<\/div>\n\t\t\t\t<\/div>\n\t\t\t\t\t<\/div>\n\t\t<\/div>\n\t\t\t\t\t<\/div>\n\t\t<\/section>\n\t\t\t\t<\/div>\n\t\t","protected":false},"excerpt":{"rendered":"<p>Monto: I A\u00f1o: 63.222 euros,\u00a0II A\u00f1o: 80.000 euros. \u00a0 Tiempo de ejecuci\u00f3n: abril 2023-\u00a0 diciembre 2026 Eje program\u00e1tico: Gobernanza Democr\u00e1tica Pa\u00eds(es):\u00a0Costa Rica Ubicaci\u00f3n geogr\u00e1fica: Impacto focalizado en la Zona Norte de Costa Rica con \u00e9nfasis en San Carlos (Santa Rosa de Pocosol), La Cruz, Guatuso, Desamparados, Los Chiles. No obstante se prev\u00e9 que algunas actividades [&hellip;]<\/p>\n","protected":false},"author":2,"featured_media":11598,"comment_status":"open","ping_status":"closed","sticky":false,"template":"","format":"standard","meta":{"_bbp_topic_count":0,"_bbp_reply_count":0,"_bbp_total_topic_count":0,"_bbp_total_reply_count":0,"_bbp_voice_count":0,"_bbp_anonymous_reply_count":0,"_bbp_topic_count_hidden":0,"_bbp_reply_count_hidden":0,"_bbp_forum_subforum_count":0,"footnotes":""},"categories":[71,60,81,55],"tags":[],"class_list":["post-11588","post","type-post","status-publish","format-standard","has-post-thumbnail","hentry","category-2021-2025","category-costa-rica","category-en-ejecucion","category-gobernanza-democratica"],"_links":{"self":[{"href":"https:\/\/funpadem.org\/index.php\/wp-json\/wp\/v2\/posts\/11588","targetHints":{"allow":["GET"]}}],"collection":[{"href":"https:\/\/funpadem.org\/index.php\/wp-json\/wp\/v2\/posts"}],"about":[{"href":"https:\/\/funpadem.org\/index.php\/wp-json\/wp\/v2\/types\/post"}],"author":[{"embeddable":true,"href":"https:\/\/funpadem.org\/index.php\/wp-json\/wp\/v2\/users\/2"}],"replies":[{"embeddable":true,"href":"https:\/\/funpadem.org\/index.php\/wp-json\/wp\/v2\/comments?post=11588"}],"version-history":[{"count":15,"href":"https:\/\/funpadem.org\/index.php\/wp-json\/wp\/v2\/posts\/11588\/revisions"}],"predecessor-version":[{"id":12911,"href":"https:\/\/funpadem.org\/index.php\/wp-json\/wp\/v2\/posts\/11588\/revisions\/12911"}],"wp:featuredmedia":[{"embeddable":true,"href":"https:\/\/funpadem.org\/index.php\/wp-json\/wp\/v2\/media\/11598"}],"wp:attachment":[{"href":"https:\/\/funpadem.org\/index.php\/wp-json\/wp\/v2\/media?parent=11588"}],"wp:term":[{"taxonomy":"category","embeddable":true,"href":"https:\/\/funpadem.org\/index.php\/wp-json\/wp\/v2\/categories?post=11588"},{"taxonomy":"post_tag","embeddable":true,"href":"https:\/\/funpadem.org\/index.php\/wp-json\/wp\/v2\/tags?post=11588"}],"curies":[{"name":"wp","href":"https:\/\/api.w.org\/{rel}","templated":true}]}}