{"id":11680,"date":"2023-08-15T13:58:08","date_gmt":"2023-08-15T19:58:08","guid":{"rendered":"https:\/\/funpadem.org\/?p=11680"},"modified":"2024-01-22T15:37:45","modified_gmt":"2024-01-22T21:37:45","slug":"proyecto-migracion-pongase-en-los-zapatos","status":"publish","type":"post","link":"https:\/\/funpadem.org\/index.php\/2023\/08\/15\/proyecto-migracion-pongase-en-los-zapatos\/","title":{"rendered":"Fortaleciendo del cumplimiento de los derechos humanos y acceso a la justicia de las personas migrantes den la Zona Norte de Costa Rica:  &#8220;P\u00f3ngase en los zapatos del otro(a)"},"content":{"rendered":"\t\t<div data-elementor-type=\"wp-post\" data-elementor-id=\"11680\" class=\"elementor elementor-11680\" data-elementor-post-type=\"post\">\n\t\t\t\t\t\t<section class=\"elementor-section elementor-top-section elementor-element elementor-element-446c60b4 elementor-section-boxed elementor-section-height-default elementor-section-height-default\" data-id=\"446c60b4\" data-element_type=\"section\">\n\t\t\t\t\t\t<div class=\"elementor-container elementor-column-gap-default\">\n\t\t\t\t\t<div class=\"elementor-column elementor-col-100 elementor-top-column elementor-element elementor-element-211f0340\" data-id=\"211f0340\" data-element_type=\"column\">\n\t\t\t<div class=\"elementor-widget-wrap elementor-element-populated\">\n\t\t\t\t\t\t<div class=\"elementor-element elementor-element-90f5e08 elementor-widget elementor-widget-text-editor\" data-id=\"90f5e08\" data-element_type=\"widget\" data-widget_type=\"text-editor.default\">\n\t\t\t\t<div class=\"elementor-widget-container\">\n\t\t\t\t\t\t\t\t\t<p><strong>Monto<\/strong>: 35.000 euros<\/p>\n<p><strong>Tiempo de ejecuci\u00f3n:<\/strong> octubre 2022-&nbsp; julio 2023<\/p>\n<p><strong>Eje program\u00e1tico:<\/strong> Gobernanza Democr\u00e1tica<\/p>\n<p><strong>Pa\u00eds(es):<\/strong>&nbsp;Costa Rica<\/p>\n<p><strong>Donante:<\/strong> Fundaci\u00f3n Ayuda en Acci\u00f3n<\/p>\n<p><strong>Objetivo:<\/strong><\/p>\n<div>\n<div>\n<ul>\n<li>Fortalecer la divulgaci\u00f3n de los derechos humanos y acceso a la justicia de las poblaciones migrantes en la zona norte de Costa Rica a trav\u00e9s de actores locales de Upala, Los Chiles y Guatuso.<\/li>\n<\/ul>\n<p><strong>Descripci\u00f3n:<\/strong><\/p>\n<p>El proyecto busca mejorar y promover los derechos humanos, especialmente los derechos laborales, de las personas migrantes ubicadas en la zona norte de Costa Rica, espec\u00edficamente en los cantones de Upala, Guatuso y Los Chiles. Esto a trav\u00e9s del trabajo interinstitucional con actores locales como la Direcci\u00f3n General de Migraci\u00f3n y Extranjer\u00eda (DGME), Nacional de las Mujeres (INAMU), el Ministerio de Trabajo y Seguridad Social (MTSS), Oficiales de Fuerza P\u00fablica y La Comisi\u00f3n Nacional para el Mejoramiento de la Administraci\u00f3n de Justicia (CONAMAJ).<\/p>\n<p>Para lograr este objetivo, se coordina una serie de actividades, entre las cuales se encuentran:<\/p>\n<ul>\n<li>El desarrollo de una campa\u00f1a digital por parte de las instituciones participantes titulada: &#8220;P\u00f3ngase en los zapatos del otro(a)&#8221; para la promoci\u00f3n de derechos laborales.<\/li>\n<li>El desarrollo de un m\u00f3dulo sobre generalidades y derechos de las personas migrantes, mediante un manual formativo, dirigido a personas facilitadoras judiciales; copart\u00edcipes y fiscalizadores de las pol\u00edticas p\u00fablicas locales en asuntos migratorios.<\/li>\n<li>La implementaci\u00f3n de capacitaciones dirigidas a oficiales de polic\u00eda de la Estrategia Sembremos Seguridad sobre VBG y derechos de las poblaciones migrantes. As\u00ed mismo, el desarrollo de iniciativas en plataformas existentes como las Mesas de Articulaci\u00f3n Local, donde se promueva el fortalecimiento de capacidades en violencia basada en g\u00e9nero (VBG) con base a la evidencia cient\u00edfica dada por Fuerza P\u00fablica.<\/li>\n<li>La coordinaci\u00f3n de seminarios sobre el derecho laboral de las personas migrantes, dirigido al sector privado de la zona, para implementar acciones colaborativas p\u00fablico \u2013 privado.<\/li>\n<li>La creaci\u00f3n de mecanismos formales de coordinaci\u00f3n interinstitucional como convenios colaborativo o acuerdos de compromiso para continuar las l\u00edneas de acci\u00f3n del proyecto, ajustadas a las realidades de cada cant\u00f3n y coordinadas a los planes de trabajo de las instituciones.<\/li>\n<\/ul>\n<p>Finalmente, el proyecto pretende generar planes de acci\u00f3n focalizados en aquellos temas y\/o comunidades que realmente lo necesitan, fomentando la participaci\u00f3n ciudadana en la toma de decisiones, para dirigir la inversi\u00f3n del sector p\u00fablico a las verdaderas necesidades, esta forma mejorar la condici\u00f3n migratoria en la regi\u00f3n norte del pa\u00eds.<\/p>\n<p style=\"text-align: justify; text-justify: inter-ideograph;\"><b><span lang=\"ES-CR\" style=\"font-size: 11.0pt; font-family: 'Helvetica',sans-serif; mso-bidi-font-family: Questrial; color: black; mso-themecolor: text1;\">&nbsp;<\/span><\/b><\/p>\n<\/div>\n<\/div>\n<div>&nbsp;<\/div>\t\t\t\t\t\t\t\t<\/div>\n\t\t\t\t<\/div>\n\t\t\t\t\t<\/div>\n\t\t<\/div>\n\t\t\t\t\t<\/div>\n\t\t<\/section>\n\t\t\t\t<\/div>\n\t\t","protected":false},"excerpt":{"rendered":"<p>Monto: 35.000 euros Tiempo de ejecuci\u00f3n: octubre 2022-&nbsp; julio 2023 Eje program\u00e1tico: Gobernanza Democr\u00e1tica Pa\u00eds(es):&nbsp;Costa Rica Donante: Fundaci\u00f3n Ayuda en Acci\u00f3n Objetivo: Fortalecer la divulgaci\u00f3n de los derechos humanos y acceso a la justicia de las poblaciones migrantes en la zona norte de Costa Rica a trav\u00e9s de actores locales de Upala, Los Chiles y [&hellip;]<\/p>\n","protected":false},"author":2,"featured_media":11686,"comment_status":"open","ping_status":"closed","sticky":false,"template":"","format":"standard","meta":{"_bbp_topic_count":0,"_bbp_reply_count":0,"_bbp_total_topic_count":0,"_bbp_total_reply_count":0,"_bbp_voice_count":0,"_bbp_anonymous_reply_count":0,"_bbp_topic_count_hidden":0,"_bbp_reply_count_hidden":0,"_bbp_forum_subforum_count":0,"footnotes":""},"categories":[71,60,55],"tags":[],"class_list":["post-11680","post","type-post","status-publish","format-standard","has-post-thumbnail","hentry","category-2021-2025","category-costa-rica","category-gobernanza-democratica"],"_links":{"self":[{"href":"https:\/\/funpadem.org\/index.php\/wp-json\/wp\/v2\/posts\/11680","targetHints":{"allow":["GET"]}}],"collection":[{"href":"https:\/\/funpadem.org\/index.php\/wp-json\/wp\/v2\/posts"}],"about":[{"href":"https:\/\/funpadem.org\/index.php\/wp-json\/wp\/v2\/types\/post"}],"author":[{"embeddable":true,"href":"https:\/\/funpadem.org\/index.php\/wp-json\/wp\/v2\/users\/2"}],"replies":[{"embeddable":true,"href":"https:\/\/funpadem.org\/index.php\/wp-json\/wp\/v2\/comments?post=11680"}],"version-history":[{"count":8,"href":"https:\/\/funpadem.org\/index.php\/wp-json\/wp\/v2\/posts\/11680\/revisions"}],"predecessor-version":[{"id":11690,"href":"https:\/\/funpadem.org\/index.php\/wp-json\/wp\/v2\/posts\/11680\/revisions\/11690"}],"wp:featuredmedia":[{"embeddable":true,"href":"https:\/\/funpadem.org\/index.php\/wp-json\/wp\/v2\/media\/11686"}],"wp:attachment":[{"href":"https:\/\/funpadem.org\/index.php\/wp-json\/wp\/v2\/media?parent=11680"}],"wp:term":[{"taxonomy":"category","embeddable":true,"href":"https:\/\/funpadem.org\/index.php\/wp-json\/wp\/v2\/categories?post=11680"},{"taxonomy":"post_tag","embeddable":true,"href":"https:\/\/funpadem.org\/index.php\/wp-json\/wp\/v2\/tags?post=11680"}],"curies":[{"name":"wp","href":"https:\/\/api.w.org\/{rel}","templated":true}]}}