{"id":12915,"date":"2024-01-22T15:13:02","date_gmt":"2024-01-22T21:13:02","guid":{"rendered":"https:\/\/funpadem.org\/?p=12915"},"modified":"2024-01-22T15:15:14","modified_gmt":"2024-01-22T21:15:14","slug":"oit-curso-resolucion-conflictos-abc","status":"publish","type":"post","link":"https:\/\/funpadem.org\/index.php\/2024\/01\/22\/oit-curso-resolucion-conflictos-abc\/","title":{"rendered":"Desarrollo de un curso sobre Resoluci\u00f3n de Conflictos: ABC"},"content":{"rendered":"\t\t<div data-elementor-type=\"wp-post\" data-elementor-id=\"12915\" class=\"elementor elementor-12915\" data-elementor-post-type=\"post\">\n\t\t\t\t\t\t<section class=\"elementor-section elementor-top-section elementor-element elementor-element-446c60b4 elementor-section-boxed elementor-section-height-default elementor-section-height-default\" data-id=\"446c60b4\" data-element_type=\"section\">\n\t\t\t\t\t\t<div class=\"elementor-container elementor-column-gap-default\">\n\t\t\t\t\t<div class=\"elementor-column elementor-col-100 elementor-top-column elementor-element elementor-element-211f0340\" data-id=\"211f0340\" data-element_type=\"column\">\n\t\t\t<div class=\"elementor-widget-wrap elementor-element-populated\">\n\t\t\t\t\t\t<div class=\"elementor-element elementor-element-90f5e08 elementor-widget elementor-widget-text-editor\" data-id=\"90f5e08\" data-element_type=\"widget\" data-widget_type=\"text-editor.default\">\n\t\t\t\t<div class=\"elementor-widget-container\">\n\t\t\t\t\t\t\t\t\t<div><div><p><strong>Monto<\/strong>: 36.700 d\u00f3lares<\/p><p><strong>Tiempo de ejecuci\u00f3n:<\/strong>\u00a02023-2024<\/p><p><strong>Eje program\u00e1tico:<\/strong>\u00a0Gobernanza Democr\u00e1tica<\/p><p><strong>Pa\u00eds(es):<\/strong>\u00a0El Salvador<\/p><p>Como parte de las actividades espec\u00edficas del proyecto denominado \u201c<em>J\u00f3venes por la Libertad<\/em> \u201cfinanciado por el Fondo para la Consolidaci\u00f3n de la Paz (PBF), diversas agencias del Sistema de Naciones Unidas en El Salvador contemplan la realizaci\u00f3n de capacitaciones a los Gobiernos Municipales y entidades del Estado para generar competencias, conocimientos y habilidades sobre resoluci\u00f3n de conflictos por medio del di\u00e1logo y la cultura de paz. A trav\u00e9s de esta actividad se ayudar\u00e1 a fortalecer a los Gobiernos Locales en la inclusi\u00f3n de enfoque de juventudes en instrumento de pol\u00edticas p\u00fablicas de paz y seguridad, como: Planes, Proyectos y mecanismos para crear una sociedad pac\u00edfica y productiva.<\/p><p>El proyecto busca generar las condiciones necesarias para una inclusi\u00f3n significativa en los espacios c\u00edvicos de di\u00e1logo y toma de decisiones (a nivel de social, econ\u00f3mico y pol\u00edtico y con perspectiva de g\u00e9nero) de las juventudes en favor de la paz y la cohesi\u00f3n social en La Libertad, Tamanique y Chiltiup\u00e1n, en particular de las personas j\u00f3venes rurales, j\u00f3venes mujeres, j\u00f3venes madres y j\u00f3venes en situaci\u00f3n de retorno para que contrarreste con las violencias de exclusi\u00f3n a las que se enfrentan actualmente tomando el potencial de la estrategia tur\u00edstica Surf City.<\/p><p>En el marco de esta iniciativa es que <strong>FUNPADEM <\/strong>ha dise\u00f1ado el curso de Resoluci\u00f3n de Conflictos y Cultura de Paz: El ABC (<strong>A<\/strong>prendiendo lo <strong>B<\/strong>\u00e1sico para prevenir y resolver <strong>C<\/strong>onflictos) dirigido a personal del Ministerio de Turismo, Instituto Nacional de Juventud y Alcald\u00edas del Departamento de La Libertad de El Salvador.<\/p><p><strong>Productos esperados:<\/strong><\/p><p><strong>Producto 1: <\/strong>Elaboracio\u0301n de propuesta metodolo\u0301gica detallada esto debera\u0301 contener:<\/p><ul><li>La propuesta metodolo\u0301gica detallada del curso, asi\u0301 como el plan de tiempo.<\/li><li>Borrador del perfil de entrada y perfil de salida que permitira\u0301 medir los cambios de comportamiento y \u00a0conocimiento entre las personas capacitadas.<\/li><\/ul><p><strong>Producto 2: <\/strong>Elaboracio\u0301n de capacitacio\u0301n en prevencio\u0301n y resolucio\u0301n de conflictos, esto debera\u0301 contener:<\/p><ul><li>Plan de Trabajo y detalle metodolo\u0301gico<\/li><li>Aplicacio\u0301n del perfil de entrada a las personas beneficiarios del curso<\/li><li>Materiales dida\u0301cticos y carga de los cursos en PVA<\/li><\/ul><p><strong>Producto 3: <\/strong>Reporte sobre implementacio\u0301n de capacitacio\u0301n que debera\u0301 contener:<\/p><ul><li>Implementacio\u0301n de la fase 1 sobre facilitacio\u0301n y mediacio\u0301n virtual.<\/li><li>Implementacio\u0301n de la fase 2 de facilitacio\u0301n<\/li><li>Implementacio\u0301n de la fase 3 de facilitacio\u0301n.<\/li><\/ul><p><strong>Producto 4: <\/strong>Sistematizacio\u0301n y evaluacio\u0301n del proceso formativo. Este producto debera\u0301 contener:<\/p><ul><li>Documento de sistematizacio\u0301n y evaluacio\u0301n del proceso formativo<\/li><li>Elaboracio\u0301n del informe final de consultori\u0301a<\/li><\/ul><\/div><\/div><div>\u00a0<\/div>\t\t\t\t\t\t\t\t<\/div>\n\t\t\t\t<\/div>\n\t\t\t\t\t<\/div>\n\t\t<\/div>\n\t\t\t\t\t<\/div>\n\t\t<\/section>\n\t\t\t\t<\/div>\n\t\t","protected":false},"excerpt":{"rendered":"<p>Monto: 36.700 d\u00f3lares Tiempo de ejecuci\u00f3n:\u00a02023-2024 Eje program\u00e1tico:\u00a0Gobernanza Democr\u00e1tica Pa\u00eds(es):\u00a0El Salvador Como parte de las actividades espec\u00edficas del proyecto denominado \u201cJ\u00f3venes por la Libertad \u201cfinanciado por el Fondo para la Consolidaci\u00f3n de la Paz (PBF), diversas agencias del Sistema de Naciones Unidas en El Salvador contemplan la realizaci\u00f3n de capacitaciones a los Gobiernos Municipales y [&hellip;]<\/p>\n","protected":false},"author":2,"featured_media":12216,"comment_status":"open","ping_status":"closed","sticky":false,"template":"","format":"standard","meta":{"_bbp_topic_count":0,"_bbp_reply_count":0,"_bbp_total_topic_count":0,"_bbp_total_reply_count":0,"_bbp_voice_count":0,"_bbp_anonymous_reply_count":0,"_bbp_topic_count_hidden":0,"_bbp_reply_count_hidden":0,"_bbp_forum_subforum_count":0,"footnotes":""},"categories":[71,60,81,56],"tags":[],"class_list":["post-12915","post","type-post","status-publish","format-standard","has-post-thumbnail","hentry","category-2021-2025","category-costa-rica","category-en-ejecucion","category-justicia-y-cumplimiento"],"_links":{"self":[{"href":"https:\/\/funpadem.org\/index.php\/wp-json\/wp\/v2\/posts\/12915","targetHints":{"allow":["GET"]}}],"collection":[{"href":"https:\/\/funpadem.org\/index.php\/wp-json\/wp\/v2\/posts"}],"about":[{"href":"https:\/\/funpadem.org\/index.php\/wp-json\/wp\/v2\/types\/post"}],"author":[{"embeddable":true,"href":"https:\/\/funpadem.org\/index.php\/wp-json\/wp\/v2\/users\/2"}],"replies":[{"embeddable":true,"href":"https:\/\/funpadem.org\/index.php\/wp-json\/wp\/v2\/comments?post=12915"}],"version-history":[{"count":11,"href":"https:\/\/funpadem.org\/index.php\/wp-json\/wp\/v2\/posts\/12915\/revisions"}],"predecessor-version":[{"id":12926,"href":"https:\/\/funpadem.org\/index.php\/wp-json\/wp\/v2\/posts\/12915\/revisions\/12926"}],"wp:featuredmedia":[{"embeddable":true,"href":"https:\/\/funpadem.org\/index.php\/wp-json\/wp\/v2\/media\/12216"}],"wp:attachment":[{"href":"https:\/\/funpadem.org\/index.php\/wp-json\/wp\/v2\/media?parent=12915"}],"wp:term":[{"taxonomy":"category","embeddable":true,"href":"https:\/\/funpadem.org\/index.php\/wp-json\/wp\/v2\/categories?post=12915"},{"taxonomy":"post_tag","embeddable":true,"href":"https:\/\/funpadem.org\/index.php\/wp-json\/wp\/v2\/tags?post=12915"}],"curies":[{"name":"wp","href":"https:\/\/api.w.org\/{rel}","templated":true}]}}