{"id":13039,"date":"2024-02-08T08:52:40","date_gmt":"2024-02-08T14:52:40","guid":{"rendered":"https:\/\/funpadem.org\/?p=13039"},"modified":"2024-04-23T16:21:55","modified_gmt":"2024-04-23T22:21:55","slug":"consultoria-hondcan-conciliacionymediacion","status":"publish","type":"post","link":"https:\/\/funpadem.org\/index.php\/2024\/02\/08\/consultoria-hondcan-conciliacionymediacion\/","title":{"rendered":"(Vence 28\/02\/2024) Actualizaci\u00f3n de un manual y dise\u00f1o de un curso de formaci\u00f3n para formadores en mediaci\u00f3n o conciliaci\u00f3n laboral"},"content":{"rendered":"\t\t<div data-elementor-type=\"wp-post\" data-elementor-id=\"13039\" class=\"elementor elementor-13039\" data-elementor-post-type=\"post\">\n\t\t\t\t\t\t<section class=\"elementor-section elementor-top-section elementor-element elementor-element-9ad6a7d elementor-section-boxed elementor-section-height-default elementor-section-height-default\" data-id=\"9ad6a7d\" data-element_type=\"section\">\n\t\t\t\t\t\t<div class=\"elementor-container elementor-column-gap-default\">\n\t\t\t\t\t<div class=\"elementor-column elementor-col-100 elementor-top-column elementor-element elementor-element-fa38599\" data-id=\"fa38599\" data-element_type=\"column\">\n\t\t\t<div class=\"elementor-widget-wrap elementor-element-populated\">\n\t\t\t\t\t\t<div class=\"elementor-element elementor-element-1c90c1d elementor-widget__width-initial elementor-widget elementor-widget-text-editor\" data-id=\"1c90c1d\" data-element_type=\"widget\" data-widget_type=\"text-editor.default\">\n\t\t\t\t<div class=\"elementor-widget-container\">\n\t\t\t\t\t\t\t\t\t<p style=\"margin: 0cm 0cm 17pt; background-image: initial; background-position: initial; background-size: initial; background-repeat: initial; background-attachment: initial; background-origin: initial; background-clip: initial;\"><span style=\"font-family: Questrial; color: black;\">Categor\u00eda: Justicia y Cumplimiento Laboral\u00a0\u00a0<\/span><\/p><p style=\"margin: 0cm 0cm 17pt; background-image: initial; background-position: initial; background-size: initial; background-repeat: initial; background-attachment: initial; background-origin: initial; background-clip: initial;\"><span style=\"font-family: Questrial;\">Se abre per\u00edodo de extensi\u00f3n de plazo para la recepci\u00f3n de ofertas para la contrataci\u00f3n de\u00a0<strong>Servicios\u00a0<\/strong><b><strong>Profesionales para la\u00a0Actualizaci\u00f3n de un manual y dise\u00f1o de un curso de\u00a0<\/strong><strong>formaci\u00f3n para formadores en mediaci\u00f3n o conciliaci\u00f3n laboral<\/strong><\/b><\/span><strong><span style=\"font-family: Questrial; color: black;\">.<\/span><\/strong><span style=\"font-family: Questrial;\">\u00a0Esta consultor\u00eda se enmarca en el eje Justicia y Cumplimiento Laboral de FUNPADEM.<\/span><\/p><p style=\"margin: 0cm 0cm 17pt; background-image: initial; background-position: initial; background-size: initial; background-repeat: initial; background-attachment: initial; background-origin: initial; background-clip: initial;\"><span style=\"font-family: Questrial;\">La presentaci\u00f3n de ofertas deber\u00e1 realizarse v\u00eda correo electr\u00f3nico a la direcci\u00f3n\u00a0<strong><a href=\"mailto:jchavez@funpadem.org\">jchaves@funpadem.org<\/a>\u00a0<\/strong><b> <\/b>con copia a\u00a0<b><a href=\"mailto:rsemeraro@funpadem.org\">rsemeraro@funpadem.org<\/a><\/b>\u00a0y a\u00a0<\/span><strong><span style=\"font-family: Questrial;\"><a href=\"mailto:info@funpadem.org\">info@funpadem.org<\/a>\u00a0<\/span><\/strong>bajo el t\u00edtulo \u201c<strong><span style=\"font-family: Questrial;\">Actualizaci\u00f3n de un manual\u00a0<\/span><\/strong><b><strong><span style=\"font-family: Questrial;\">y dise\u00f1o de un curso de formaci\u00f3n para formadores en mediaci\u00f3n o conciliaci\u00f3n<\/span><\/strong><br \/><strong><span style=\"font-family: Questrial;\">laboral<\/span><\/strong><\/b>\u201d.<\/p><p style=\"margin: 0cm 0cm 17pt; background-image: initial; background-position: initial; background-size: initial; background-repeat: initial; background-attachment: initial; background-origin: initial; background-clip: initial;\"><strong><span style=\"font-family: Questrial;\">La fecha l\u00edmite para el env\u00edo es el <\/span><\/strong><strong><span style=\"font-family: Questrial;\">28<\/span><\/strong><strong><span style=\"font-family: Questrial;\"> de febrero de 2024 a las 11:59 pm (hora Centroam\u00e9rica).<\/span><\/strong><\/p><p style=\"margin: 0cm 0cm 17pt; background-image: initial; background-position: initial; background-size: initial; background-repeat: initial; background-attachment: initial; background-origin: initial; background-clip: initial;\"><b style=\"text-align: center; color: var( --e-global-color-secondary ); font-family: var( --e-global-typography-text-font-family ), Sans-serif; font-size: var( --e-global-typography-text-font-size );\"><span lang=\"ES-US\" style=\"font-family: 'Helvetica',sans-serif; mso-bidi-font-family: Calibri; background: yellow; mso-highlight: yellow; mso-ansi-language: ES-US;\">VERSI\u00d3N FE DE ERRATAS:\u00a0<\/span><\/b><b style=\"text-align: center; color: var( --e-global-color-secondary ); font-family: var( --e-global-typography-text-font-family ), Sans-serif; font-size: var( --e-global-typography-text-font-size );\"><span lang=\"ES-US\" style=\"font-family: 'Helvetica',sans-serif; mso-bidi-font-family: Calibri; background: yellow; mso-highlight: yellow; mso-ansi-language: ES-US;\">refi\u00e9rase a las secciones subrayadas en amarillo en los T\u00e9rminos de Referencia\u00a0<\/span><\/b><\/p><p style=\"margin: 0cm 0cm 17pt; background-image: initial; background-position: initial; background-size: initial; background-repeat: initial; background-attachment: initial; background-origin: initial; background-clip: initial;\"><span style=\"color: red; font-family: 'IBM Plex Sans'; font-size: 36px; font-weight: 600; letter-spacing: -0.6px;\">REQUISITOS DE ADMISIBILIDAD DE OFERTAS<\/span><\/p><p style=\"text-align: justify; margin: 0cm 4.6pt 8.0pt 3.65pt;\"><span style=\"font-size: 12pt; line-height: 107%; font-family: Questrial;\">Ser\u00e1n admisibles a concurso las ofertas que cumplan con las condiciones generales, espec\u00edficas, legales y t\u00e9cnicas solicitadas en este cartel. No ser\u00e1n consideradas las ofertas que se presenten fuera del plazo establecido o incompletas. <\/span><span style=\"font-size: 12pt; line-height: 107%; font-family: Questrial;\">Las personas oferentes deben de presentar: <\/span><\/p><p style=\"margin-bottom: 0cm; mso-add-space: auto; text-align: justify; text-indent: -18.0pt; line-height: 150%; mso-list: l0 level1 lfo1;\"><!-- [if !supportLists]--><span style=\"font-size: 12pt; line-height: 150%; font-family: Questrial;\">1.<span style=\"font-variant-numeric: normal; font-variant-east-asian: normal; font-variant-alternates: normal; font-kerning: auto; font-optical-sizing: auto; font-feature-settings: normal; font-variation-settings: normal; font-variant-position: normal; font-stretch: normal; font-size: 7pt; line-height: normal; font-family: 'Times New Roman';\">\u00a0\u00a0\u00a0\u00a0 <\/span><\/span><!--[endif]--><span style=\"font-size: 12pt; line-height: 150%; font-family: Questrial;\">Hoja de vida del consultore\/s o del equipo de trabajo de la persona jur\u00eddica. <\/span><\/p><p style=\"margin-bottom: 0cm; mso-add-space: auto; text-align: justify; text-indent: -18.0pt; line-height: 150%; mso-list: l0 level1 lfo1;\"><!-- [if !supportLists]--><span style=\"font-size: 12pt; line-height: 150%; font-family: Questrial;\">2.<span style=\"font-variant-numeric: normal; font-variant-east-asian: normal; font-variant-alternates: normal; font-kerning: auto; font-optical-sizing: auto; font-feature-settings: normal; font-variation-settings: normal; font-variant-position: normal; font-stretch: normal; font-size: 7pt; line-height: normal; font-family: 'Times New Roman';\">\u00a0\u00a0\u00a0\u00a0 <\/span><\/span><!--[endif]--><span style=\"font-size: 12pt; line-height: 150%; font-family: Questrial;\">Propuesta t\u00e9cnica-metodol\u00f3gica general, incluyendo un cronograma de actividades a realizar para el logro de los resultados y la metodolog\u00eda de trabajo. <\/span><\/p><p style=\"margin-bottom: 0cm; mso-add-space: auto; text-align: justify; text-indent: -18.0pt; line-height: 150%; mso-list: l0 level1 lfo1;\"><!-- [if !supportLists]--><span style=\"font-size: 12pt; line-height: 150%; font-family: Questrial;\">3.<span style=\"font-variant-numeric: normal; font-variant-east-asian: normal; font-variant-alternates: normal; font-kerning: auto; font-optical-sizing: auto; font-feature-settings: normal; font-variation-settings: normal; font-variant-position: normal; font-stretch: normal; font-size: 7pt; line-height: normal; font-family: 'Times New Roman';\">\u00a0\u00a0\u00a0\u00a0 <\/span><\/span><!--[endif]--><span style=\"font-size: 12pt; line-height: 150%; font-family: Questrial;\">Propuesta econ\u00f3mica en d\u00f3lares, acorde a los productos solicitados, detallando cada uno de los costos. <\/span><\/p><p style=\"margin-bottom: 0cm; mso-add-space: auto; text-align: justify; text-indent: -18.0pt; line-height: 150%; mso-list: l0 level1 lfo1;\"><!-- [if !supportLists]--><span style=\"font-size: 12pt; line-height: 150%; font-family: Questrial;\">4.<span style=\"font-variant-numeric: normal; font-variant-east-asian: normal; font-variant-alternates: normal; font-kerning: auto; font-optical-sizing: auto; font-feature-settings: normal; font-variation-settings: normal; font-variant-position: normal; font-stretch: normal; font-size: 7pt; line-height: normal; font-family: 'Times New Roman';\">\u00a0\u00a0\u00a0\u00a0 <\/span><\/span><!--[endif]--><span style=\"font-size: 12pt; line-height: 150%; font-family: Questrial;\">Cualquier documento que sea necesario para respaldar la formaci\u00f3n y\/o experiencia. <\/span><\/p><p>\u00a0<\/p><p><span style=\"font-size: 12.0pt; line-height: 107%; font-family: Questrial; mso-fareast-font-family: 'Times New Roman'; color: red; mso-font-kerning: 0pt; mso-ligatures: none; mso-fareast-language: ES-CR;\">Revise los T\u00e9rminos de Referencia en el bot\u00f3n que se encuentra debajo de este texto:\u00a0<\/span><\/p>\t\t\t\t\t\t\t\t<\/div>\n\t\t\t\t<\/div>\n\t\t\t\t\t<\/div>\n\t\t<\/div>\n\t\t\t\t\t<\/div>\n\t\t<\/section>\n\t\t\t\t<section class=\"elementor-section elementor-top-section elementor-element elementor-element-79900798 elementor-section-boxed elementor-section-height-default elementor-section-height-default\" data-id=\"79900798\" data-element_type=\"section\">\n\t\t\t\t\t\t<div class=\"elementor-container elementor-column-gap-default\">\n\t\t\t\t\t<div class=\"elementor-column elementor-col-100 elementor-top-column elementor-element elementor-element-40dcfbea\" data-id=\"40dcfbea\" data-element_type=\"column\">\n\t\t\t<div class=\"elementor-widget-wrap elementor-element-populated\">\n\t\t\t\t\t\t<div class=\"elementor-element elementor-element-4c53772 elementor-widget elementor-widget-button\" data-id=\"4c53772\" data-element_type=\"widget\" data-widget_type=\"button.default\">\n\t\t\t\t<div class=\"elementor-widget-container\">\n\t\t\t\t\t\t\t\t\t<div class=\"elementor-button-wrapper\">\n\t\t\t\t\t<a class=\"elementor-button elementor-button-link elementor-size-sm\" href=\"https:\/\/funpadem.org\/wp-content\/uploads\/2024\/02\/2024.02.22-Ter.-Ref.-Mediacion-y-Conci.-V.-Fe-de-Erratas.pdf\" target=\"_blank\">\n\t\t\t\t\t\t<span class=\"elementor-button-content-wrapper\">\n\t\t\t\t\t\t\t\t\t<span class=\"elementor-button-text\">DESCARGAR PDF<\/span>\n\t\t\t\t\t<\/span>\n\t\t\t\t\t<\/a>\n\t\t\t\t<\/div>\n\t\t\t\t\t\t\t\t<\/div>\n\t\t\t\t<\/div>\n\t\t\t\t\t<\/div>\n\t\t<\/div>\n\t\t\t\t\t<\/div>\n\t\t<\/section>\n\t\t\t\t<\/div>\n\t\t","protected":false},"excerpt":{"rendered":"<p>Categor\u00eda: Justicia y Cumplimiento Laboral\u00a0\u00a0 Se abre per\u00edodo de extensi\u00f3n de plazo para la recepci\u00f3n de ofertas para la contrataci\u00f3n de\u00a0Servicios\u00a0Profesionales para la\u00a0Actualizaci\u00f3n de un manual y dise\u00f1o de un curso de\u00a0formaci\u00f3n para formadores en mediaci\u00f3n o conciliaci\u00f3n laboral.\u00a0Esta consultor\u00eda se enmarca en el eje Justicia y Cumplimiento Laboral de FUNPADEM. La presentaci\u00f3n de ofertas [&hellip;]<\/p>\n","protected":false},"author":2,"featured_media":13041,"comment_status":"open","ping_status":"closed","sticky":false,"template":"","format":"standard","meta":{"_bbp_topic_count":0,"_bbp_reply_count":0,"_bbp_total_topic_count":0,"_bbp_total_reply_count":0,"_bbp_voice_count":0,"_bbp_anonymous_reply_count":0,"_bbp_topic_count_hidden":0,"_bbp_reply_count_hidden":0,"_bbp_forum_subforum_count":0,"footnotes":""},"categories":[19],"tags":[],"class_list":["post-13039","post","type-post","status-publish","format-standard","has-post-thumbnail","hentry","category-uncategorized"],"_links":{"self":[{"href":"https:\/\/funpadem.org\/index.php\/wp-json\/wp\/v2\/posts\/13039","targetHints":{"allow":["GET"]}}],"collection":[{"href":"https:\/\/funpadem.org\/index.php\/wp-json\/wp\/v2\/posts"}],"about":[{"href":"https:\/\/funpadem.org\/index.php\/wp-json\/wp\/v2\/types\/post"}],"author":[{"embeddable":true,"href":"https:\/\/funpadem.org\/index.php\/wp-json\/wp\/v2\/users\/2"}],"replies":[{"embeddable":true,"href":"https:\/\/funpadem.org\/index.php\/wp-json\/wp\/v2\/comments?post=13039"}],"version-history":[{"count":48,"href":"https:\/\/funpadem.org\/index.php\/wp-json\/wp\/v2\/posts\/13039\/revisions"}],"predecessor-version":[{"id":13138,"href":"https:\/\/funpadem.org\/index.php\/wp-json\/wp\/v2\/posts\/13039\/revisions\/13138"}],"wp:featuredmedia":[{"embeddable":true,"href":"https:\/\/funpadem.org\/index.php\/wp-json\/wp\/v2\/media\/13041"}],"wp:attachment":[{"href":"https:\/\/funpadem.org\/index.php\/wp-json\/wp\/v2\/media?parent=13039"}],"wp:term":[{"taxonomy":"category","embeddable":true,"href":"https:\/\/funpadem.org\/index.php\/wp-json\/wp\/v2\/categories?post=13039"},{"taxonomy":"post_tag","embeddable":true,"href":"https:\/\/funpadem.org\/index.php\/wp-json\/wp\/v2\/tags?post=13039"}],"curies":[{"name":"wp","href":"https:\/\/api.w.org\/{rel}","templated":true}]}}