{"id":15672,"date":"2024-08-14T11:34:13","date_gmt":"2024-08-14T17:34:13","guid":{"rendered":"https:\/\/funpadem.org\/?p=15672"},"modified":"2025-01-11T13:16:09","modified_gmt":"2025-01-11T19:16:09","slug":"consultoria-usdol-comunicacion-campana-conciliacion-laboral","status":"publish","type":"post","link":"https:\/\/funpadem.org\/index.php\/2024\/08\/14\/consultoria-usdol-comunicacion-campana-conciliacion-laboral\/","title":{"rendered":"(Vence: 29.08.2024) Extensi\u00f3n de tiempo &#8211;  Servicios profesionales en dise\u00f1o y elaboraci\u00f3n de una campa\u00f1a de divulgaci\u00f3n en conciliaci\u00f3n laboral virtual para el Ministerio de Trabajo y Seguridad Social de Costa Rica."},"content":{"rendered":"\t\t<div data-elementor-type=\"wp-post\" data-elementor-id=\"15672\" class=\"elementor elementor-15672\" data-elementor-post-type=\"post\">\n\t\t\t\t\t\t<section class=\"elementor-section elementor-top-section elementor-element elementor-element-79900798 elementor-section-boxed elementor-section-height-default elementor-section-height-default\" data-id=\"79900798\" data-element_type=\"section\">\n\t\t\t\t\t\t<div class=\"elementor-container elementor-column-gap-default\">\n\t\t\t\t\t<div class=\"elementor-column elementor-col-100 elementor-top-column elementor-element elementor-element-40dcfbea\" data-id=\"40dcfbea\" data-element_type=\"column\">\n\t\t\t<div class=\"elementor-widget-wrap elementor-element-populated\">\n\t\t\t\t\t\t<div class=\"elementor-element elementor-element-7b1c16c0 elementor-widget elementor-widget-text-editor\" data-id=\"7b1c16c0\" data-element_type=\"widget\" data-widget_type=\"text-editor.default\">\n\t\t\t\t<div class=\"elementor-widget-container\">\n\t\t\t\t\t\t\t\t\t<p>F<b>UNPADEM comunica la extensi\u00f3n de recepci\u00f3n de ofertas<\/b> para servicios profesionales para el dise\u00f1o y elaboraci\u00f3n de una campa\u00f1a de divulgaci\u00f3n en conciliaci\u00f3n laboral virtual para el Ministerio de Trabajo y Seguridad Social de Costa Rica.<\/p><p>La fecha l\u00edmite para la recepci\u00f3n propuestas es el <strong>29 de agosto, 2024, a las 11:59 p.m. (hora Centroam\u00e9rica).<\/strong><\/p><p>*No ser\u00e1n consideradas las ofertas que se presenten fuera del plazo establecido y que no cumplan con los requerimientos<\/p>\t\t\t\t\t\t\t\t<\/div>\n\t\t\t\t<\/div>\n\t\t\t\t<div class=\"elementor-element elementor-element-4c53772 elementor-widget elementor-widget-button\" data-id=\"4c53772\" data-element_type=\"widget\" data-widget_type=\"button.default\">\n\t\t\t\t<div class=\"elementor-widget-container\">\n\t\t\t\t\t\t\t\t\t<div class=\"elementor-button-wrapper\">\n\t\t\t\t\t<a class=\"elementor-button elementor-button-link elementor-size-sm\" href=\"https:\/\/funpadem.org\/wp-content\/uploads\/2024\/08\/TDRs-DAL_-Extension.pdf\" target=\"_blank\">\n\t\t\t\t\t\t<span class=\"elementor-button-content-wrapper\">\n\t\t\t\t\t\t\t\t\t<span class=\"elementor-button-text\">DESCARGAR PDF<\/span>\n\t\t\t\t\t<\/span>\n\t\t\t\t\t<\/a>\n\t\t\t\t<\/div>\n\t\t\t\t\t\t\t\t<\/div>\n\t\t\t\t<\/div>\n\t\t\t\t\t<\/div>\n\t\t<\/div>\n\t\t\t\t\t<\/div>\n\t\t<\/section>\n\t\t\t\t<\/div>\n\t\t","protected":false},"excerpt":{"rendered":"<p>FUNPADEM comunica la extensi\u00f3n de recepci\u00f3n de ofertas para servicios profesionales para el dise\u00f1o y elaboraci\u00f3n de una campa\u00f1a de divulgaci\u00f3n en conciliaci\u00f3n laboral virtual para el Ministerio de Trabajo y Seguridad Social de Costa Rica. La fecha l\u00edmite para la recepci\u00f3n propuestas es el 29 de agosto, 2024, a las 11:59 p.m. (hora Centroam\u00e9rica). [&hellip;]<\/p>\n","protected":false},"author":2,"featured_media":11554,"comment_status":"closed","ping_status":"closed","sticky":false,"template":"","format":"standard","meta":{"_bbp_topic_count":0,"_bbp_reply_count":0,"_bbp_total_topic_count":0,"_bbp_total_reply_count":0,"_bbp_voice_count":0,"_bbp_anonymous_reply_count":0,"_bbp_topic_count_hidden":0,"_bbp_reply_count_hidden":0,"_bbp_forum_subforum_count":0,"footnotes":""},"categories":[1],"tags":[],"class_list":["post-15672","post","type-post","status-publish","format-standard","has-post-thumbnail","hentry","category-sin-categorizar"],"_links":{"self":[{"href":"https:\/\/funpadem.org\/index.php\/wp-json\/wp\/v2\/posts\/15672","targetHints":{"allow":["GET"]}}],"collection":[{"href":"https:\/\/funpadem.org\/index.php\/wp-json\/wp\/v2\/posts"}],"about":[{"href":"https:\/\/funpadem.org\/index.php\/wp-json\/wp\/v2\/types\/post"}],"author":[{"embeddable":true,"href":"https:\/\/funpadem.org\/index.php\/wp-json\/wp\/v2\/users\/2"}],"replies":[{"embeddable":true,"href":"https:\/\/funpadem.org\/index.php\/wp-json\/wp\/v2\/comments?post=15672"}],"version-history":[{"count":14,"href":"https:\/\/funpadem.org\/index.php\/wp-json\/wp\/v2\/posts\/15672\/revisions"}],"predecessor-version":[{"id":16056,"href":"https:\/\/funpadem.org\/index.php\/wp-json\/wp\/v2\/posts\/15672\/revisions\/16056"}],"wp:featuredmedia":[{"embeddable":true,"href":"https:\/\/funpadem.org\/index.php\/wp-json\/wp\/v2\/media\/11554"}],"wp:attachment":[{"href":"https:\/\/funpadem.org\/index.php\/wp-json\/wp\/v2\/media?parent=15672"}],"wp:term":[{"taxonomy":"category","embeddable":true,"href":"https:\/\/funpadem.org\/index.php\/wp-json\/wp\/v2\/categories?post=15672"},{"taxonomy":"post_tag","embeddable":true,"href":"https:\/\/funpadem.org\/index.php\/wp-json\/wp\/v2\/tags?post=15672"}],"curies":[{"name":"wp","href":"https:\/\/api.w.org\/{rel}","templated":true}]}}