{"id":6900,"date":"2021-07-21T20:54:37","date_gmt":"2021-07-22T02:54:37","guid":{"rendered":"https:\/\/funpadem.org\/?p=6900"},"modified":"2021-07-21T21:04:42","modified_gmt":"2021-07-22T03:04:42","slug":"apoyo-a-los-procesos-nacionales-para-la-prevencion-y-erradicacion-del-trabajo-infantil-y-proteccion-de-los-adolescentes-trabajadores-en-centroamerica-belice-panama-y-republica-dominicana","status":"publish","type":"post","link":"https:\/\/funpadem.org\/index.php\/2021\/07\/21\/apoyo-a-los-procesos-nacionales-para-la-prevencion-y-erradicacion-del-trabajo-infantil-y-proteccion-de-los-adolescentes-trabajadores-en-centroamerica-belice-panama-y-republica-dominicana\/","title":{"rendered":"Apoyo a los procesos nacionales para la prevenci\u00f3n y erradicaci\u00f3n del trabajo infantil y protecci\u00f3n de los adolescentes trabajadores en Centroam\u00e9rica, Belice, Panam\u00e1 y Rep\u00fablica Dominicana"},"content":{"rendered":"<p><strong>Clasificaci\u00f3n:<\/strong> Justicia y Cumplimiento<\/p>\n<p><strong>Monto:<\/strong> US $1.000.000<\/p>\n<p><strong>Tiempo de ejecuci\u00f3n:<\/strong> 2000 &#8211; 2001<\/p>\n<p><strong>Donante:<\/strong> <em>United States Agency for International Development<\/em> (USAID)<\/p>\n<p><strong>Pa\u00eds(es):<\/strong> Centroam\u00e9rica, Belice, Panam\u00e1 y la Rep\u00fablica Dominicana.<\/p>\n<p>&nbsp;<\/p>\n<p>El proyecto formaba parte de un apoyo puntual de USAID a los Ministerios\/Secretar\u00edas de Trabajo de Guatemala, Belice, Honduras, El Salvador, Nicaragua, Costa Rica, Panam\u00e1 y Rep\u00fablica Dominicana. Para la ejecuci\u00f3n de este proyecto se cont\u00f3 con el apoyo de los Ministerios\/Secretar\u00edas y de organizaciones locales de los pa\u00edses, enfoc\u00e1ndose en cuatro componentes:<\/p>\n<p>&nbsp;<\/p>\n<ol>\n<li>Prevenci\u00f3n de la participaci\u00f3n temprana de ni\u00f1os, ni\u00f1as y adolescentes en actividades econ\u00f3micas y laborales.<\/li>\n<li>Formaci\u00f3n y capacitaci\u00f3n de una serie de interlocutores relacionados con el tema de ni\u00f1os, ni\u00f1as y adolescentes acerca de la problem\u00e1tica del trabajo infantil y de alternativas y estrategias que permitan prevenir y eliminar este fen\u00f3meno.<\/li>\n<li>Sensibilizaci\u00f3n para crear conciencia de las implicaciones y los riesgos del trabajo infantil y adolescente.<\/li>\n<li>Informaci\u00f3n y documentaci\u00f3n para dar a conocer las experiencias y resultados de los proyectos y dise\u00f1ar una metodolog\u00eda a ser replicada.<\/li>\n<\/ol>\n<p>&nbsp;<\/p>\n<p><strong>Principales resultados: <\/strong><\/p>\n<ol>\n<li>Se crearon espacios de educaci\u00f3n t\u00e9cnica y vocacional para personas adolescentes trabajadoras.<\/li>\n<li>Los ni\u00f1os, ni\u00f1as, y adolescentes trabajadores incrementaron el reconocimiento de sus derechos.<\/li>\n<li>Se fortaleci\u00f3 la comunicaci\u00f3n entre los padres, madres, ni\u00f1os, ni\u00f1as, y adolescentes trabajadores.<\/li>\n<li>Disminuy\u00f3 el riesgo social de los ni\u00f1os, ni\u00f1as, y adolescentes trabajadores por medio del fortalecimiento de habilidades psicosociales.<\/li>\n<li>Se crearon espacios de atenci\u00f3n a ni\u00f1os, ni\u00f1as, y adolescentes trabajadores y sus familias en coordinaci\u00f3n con las autoridades de salud.<\/li>\n<li>Se dio la conformaci\u00f3n de una red local institucional e intersectorial sobre el tema.<\/li>\n<li>Se generaron alternativas econ\u00f3micas para las familias que reemplazan la participaci\u00f3n de los ni\u00f1os, ni\u00f1as, y adolescentes en el trabajo.<\/li>\n<li>Se hicieron publicaciones sobre la situaci\u00f3n de ni\u00f1os, ni\u00f1as, y adolescentes en Honduras, Panam\u00e1 y El Salvador.<\/li>\n<\/ol>\n","protected":false},"excerpt":{"rendered":"<p>Clasificaci\u00f3n: Justicia y Cumplimiento Monto: US $1.000.000 Tiempo de ejecuci\u00f3n: 2000 &#8211; 2001 Donante: United States Agency for International Development (USAID) Pa\u00eds(es): Centroam\u00e9rica, Belice, Panam\u00e1 y la Rep\u00fablica Dominicana. &nbsp; El proyecto formaba parte de un apoyo puntual de USAID a los Ministerios\/Secretar\u00edas de Trabajo de Guatemala, Belice, Honduras, El Salvador, Nicaragua, Costa Rica, Panam\u00e1 [&hellip;]<\/p>\n","protected":false},"author":1,"featured_media":6909,"comment_status":"open","ping_status":"closed","sticky":false,"template":"","format":"standard","meta":{"_bbp_topic_count":0,"_bbp_reply_count":0,"_bbp_total_topic_count":0,"_bbp_total_reply_count":0,"_bbp_voice_count":0,"_bbp_anonymous_reply_count":0,"_bbp_topic_count_hidden":0,"_bbp_reply_count_hidden":0,"_bbp_forum_subforum_count":0,"footnotes":""},"categories":[66,67,73,72,56,65,74],"tags":[],"class_list":["post-6900","post","type-post","status-publish","format-standard","has-post-thumbnail","hentry","category-1995-2000","category-2001-2005","category-belice","category-centroamerica","category-justicia-y-cumplimiento","category-panama","category-republica-dominicana"],"_links":{"self":[{"href":"https:\/\/funpadem.org\/index.php\/wp-json\/wp\/v2\/posts\/6900","targetHints":{"allow":["GET"]}}],"collection":[{"href":"https:\/\/funpadem.org\/index.php\/wp-json\/wp\/v2\/posts"}],"about":[{"href":"https:\/\/funpadem.org\/index.php\/wp-json\/wp\/v2\/types\/post"}],"author":[{"embeddable":true,"href":"https:\/\/funpadem.org\/index.php\/wp-json\/wp\/v2\/users\/1"}],"replies":[{"embeddable":true,"href":"https:\/\/funpadem.org\/index.php\/wp-json\/wp\/v2\/comments?post=6900"}],"version-history":[{"count":1,"href":"https:\/\/funpadem.org\/index.php\/wp-json\/wp\/v2\/posts\/6900\/revisions"}],"predecessor-version":[{"id":6901,"href":"https:\/\/funpadem.org\/index.php\/wp-json\/wp\/v2\/posts\/6900\/revisions\/6901"}],"wp:featuredmedia":[{"embeddable":true,"href":"https:\/\/funpadem.org\/index.php\/wp-json\/wp\/v2\/media\/6909"}],"wp:attachment":[{"href":"https:\/\/funpadem.org\/index.php\/wp-json\/wp\/v2\/media?parent=6900"}],"wp:term":[{"taxonomy":"category","embeddable":true,"href":"https:\/\/funpadem.org\/index.php\/wp-json\/wp\/v2\/categories?post=6900"},{"taxonomy":"post_tag","embeddable":true,"href":"https:\/\/funpadem.org\/index.php\/wp-json\/wp\/v2\/tags?post=6900"}],"curies":[{"name":"wp","href":"https:\/\/api.w.org\/{rel}","templated":true}]}}