{"id":6942,"date":"2021-07-22T17:55:12","date_gmt":"2021-07-22T23:55:12","guid":{"rendered":"https:\/\/funpadem.org\/?p=6942"},"modified":"2021-07-22T17:55:12","modified_gmt":"2021-07-22T23:55:12","slug":"integracion-regional-incluyente-fortalecimiento-de-las-organizaciones-de-jovenes-afro-centroamericanos","status":"publish","type":"post","link":"https:\/\/funpadem.org\/index.php\/2021\/07\/22\/integracion-regional-incluyente-fortalecimiento-de-las-organizaciones-de-jovenes-afro-centroamericanos\/","title":{"rendered":"Integraci\u00f3n regional incluyente: fortalecimiento de las organizaciones de j\u00f3venes afro centroamericanos"},"content":{"rendered":"<p><strong>Clasificaci\u00f3n:<\/strong> Gobernanza Democr\u00e1tica<\/p>\n<p><strong>Monto:<\/strong> \u20ac 47.434<\/p>\n<p><strong>Tiempo de Ejecuci\u00f3n:<\/strong> Diciembre 2007 &#8211; Marzo 2009<\/p>\n<p><strong>Donantes:<\/strong> Uni\u00f3n Europea por medio del Programa de Apoyo a la Integraci\u00f3n Regional Centroamericana (PAIRCA).<\/p>\n<p><strong>Socios:<\/strong> Organizaci\u00f3n Negra Centroamericana (ONECA), Centro de la Mujer Paname\u00f1a (CEMP).<\/p>\n<p><strong>Pa\u00eds(es):<\/strong> Centroam\u00e9rica.<\/p>\n<p>&nbsp;<\/p>\n<p>Este proyecto enfoc\u00f3 su trabajo en las organizaciones de j\u00f3venes Afro-centroamericanos y en su estructura regional. Se fortaleci\u00f3 la capacidad de acci\u00f3n, incidencia y participaci\u00f3n de este sector poblacional en la sociedad centroamericana y en su institucionalidad. A su vez, se le dio continuidad a las iniciativas desarrolladas por los j\u00f3venes afrodescendientes en sus propias comunidades y organizaciones.<\/p>\n<p>&nbsp;<\/p>\n<p>En su primera etapa, se fortaleci\u00f3 a las organizaciones de j\u00f3venes afro centroamericanas mediante la promoci\u00f3n y creaci\u00f3n de espacios de concertaci\u00f3n y acci\u00f3n social y cultural, para la dinamizaci\u00f3n de la vida social juvenil contribuyendo a la inclusi\u00f3n y la cohesi\u00f3n social.<\/p>\n<p>&nbsp;<\/p>\n<p>Adicionalmente, se identific\u00f3 y caracteriz\u00f3 la situaci\u00f3n de la participaci\u00f3n pol\u00edtica de los pueblos afrodescendientes en la gesti\u00f3n municipal de Guatemala, Honduras, Nicaragua, Costa Rica, Panam\u00e1 y Rep\u00fablica Dominicana en el per\u00edodo comprendido entre los \u00faltimos tres procesos electorales, en cada uno de los pa\u00edses destacando aspectos espec\u00edficos a cada pa\u00eds y aspectos comunes como regi\u00f3n.<\/p>\n<p>&nbsp;<\/p>\n<p>En concreto, se recopilaron experiencias de personas afrodescendientes que participaron o fueron escogidas para cargos de elecci\u00f3n popular en el \u00e1mbito local. Con base en esas experiencias, se identificaron las condiciones que promueven u obstruyen su participaci\u00f3n pol\u00edtica. Adem\u00e1s, se profundiz\u00f3 en las condiciones especiales de la exclusi\u00f3n y de la representaci\u00f3n pol\u00edtica de las mujeres afrodescendientes.<\/p>\n<p>&nbsp;<\/p>\n<p>Para el desarrollo de este estudio se constituy\u00f3 una alianza entre la Organizaci\u00f3n Negra Centroamericana, instancia representativa y reivindicativa de la cultura y la poblaci\u00f3n afro centroamericana que cuenta con organizaciones miembro en todos los pa\u00edses del istmo centroamericano.<\/p>\n<p>&nbsp;<\/p>\n<p><strong>Principales resultados:<\/strong><\/p>\n<ol>\n<li>M\u00e1s de 190 personas j\u00f3venes afrodescendientes capacitadas sobre integraci\u00f3n centroamericana, participaci\u00f3n ciudadana, incidencia, liderazgo y herramientas tecnol\u00f3gicas para la comunicaci\u00f3n regional.<\/li>\n<li>Formulaci\u00f3n del Plan de Acci\u00f3n de la juventud afro centroamericana, con proyectos y acciones espec\u00edficas identificadas y programadas para los a\u00f1os 2008 \u2013 2009.<\/li>\n<li>Se facilit\u00f3 el proceso de formulaci\u00f3n de\u00a0 las propuestas sobre la participaci\u00f3n de la juventud afro centroamericana en el marco de los temas prioritarios de la regi\u00f3n: seguridad ciudadana, gobernabilidad democr\u00e1tica y acuerdo de asociaci\u00f3n Uni\u00f3n Europea &#8211; Centroam\u00e9rica.<\/li>\n<li>Se realiz\u00f3 un diagn\u00f3stico de la participaci\u00f3n de personas afrodescendientes en instancias de gobierno local.<\/li>\n<\/ol>\n","protected":false},"excerpt":{"rendered":"<p>Clasificaci\u00f3n: Gobernanza Democr\u00e1tica Monto: \u20ac 47.434 Tiempo de Ejecuci\u00f3n: Diciembre 2007 &#8211; Marzo 2009 Donantes: Uni\u00f3n Europea por medio del Programa de Apoyo a la Integraci\u00f3n Regional Centroamericana (PAIRCA). Socios: Organizaci\u00f3n Negra Centroamericana (ONECA), Centro de la Mujer Paname\u00f1a (CEMP). Pa\u00eds(es): Centroam\u00e9rica. &nbsp; Este proyecto enfoc\u00f3 su trabajo en las organizaciones de j\u00f3venes Afro-centroamericanos y [&hellip;]<\/p>\n","protected":false},"author":1,"featured_media":6943,"comment_status":"open","ping_status":"closed","sticky":false,"template":"","format":"standard","meta":{"_bbp_topic_count":0,"_bbp_reply_count":0,"_bbp_total_topic_count":0,"_bbp_total_reply_count":0,"_bbp_voice_count":0,"_bbp_anonymous_reply_count":0,"_bbp_topic_count_hidden":0,"_bbp_reply_count_hidden":0,"_bbp_forum_subforum_count":0,"footnotes":""},"categories":[68,72,55],"tags":[],"class_list":["post-6942","post","type-post","status-publish","format-standard","has-post-thumbnail","hentry","category-2006-2010","category-centroamerica","category-gobernanza-democratica"],"_links":{"self":[{"href":"https:\/\/funpadem.org\/index.php\/wp-json\/wp\/v2\/posts\/6942","targetHints":{"allow":["GET"]}}],"collection":[{"href":"https:\/\/funpadem.org\/index.php\/wp-json\/wp\/v2\/posts"}],"about":[{"href":"https:\/\/funpadem.org\/index.php\/wp-json\/wp\/v2\/types\/post"}],"author":[{"embeddable":true,"href":"https:\/\/funpadem.org\/index.php\/wp-json\/wp\/v2\/users\/1"}],"replies":[{"embeddable":true,"href":"https:\/\/funpadem.org\/index.php\/wp-json\/wp\/v2\/comments?post=6942"}],"version-history":[{"count":1,"href":"https:\/\/funpadem.org\/index.php\/wp-json\/wp\/v2\/posts\/6942\/revisions"}],"predecessor-version":[{"id":6944,"href":"https:\/\/funpadem.org\/index.php\/wp-json\/wp\/v2\/posts\/6942\/revisions\/6944"}],"wp:featuredmedia":[{"embeddable":true,"href":"https:\/\/funpadem.org\/index.php\/wp-json\/wp\/v2\/media\/6943"}],"wp:attachment":[{"href":"https:\/\/funpadem.org\/index.php\/wp-json\/wp\/v2\/media?parent=6942"}],"wp:term":[{"taxonomy":"category","embeddable":true,"href":"https:\/\/funpadem.org\/index.php\/wp-json\/wp\/v2\/categories?post=6942"},{"taxonomy":"post_tag","embeddable":true,"href":"https:\/\/funpadem.org\/index.php\/wp-json\/wp\/v2\/tags?post=6942"}],"curies":[{"name":"wp","href":"https:\/\/api.w.org\/{rel}","templated":true}]}}