{"id":7015,"date":"2021-07-22T20:23:08","date_gmt":"2021-07-23T02:23:08","guid":{"rendered":"https:\/\/funpadem.org\/?p=7015"},"modified":"2021-07-22T20:23:08","modified_gmt":"2021-07-23T02:23:08","slug":"empleabilidad-juvenil-en-la-zona-norte-de-costa-rica","status":"publish","type":"post","link":"https:\/\/funpadem.org\/index.php\/2021\/07\/22\/empleabilidad-juvenil-en-la-zona-norte-de-costa-rica\/","title":{"rendered":"Empleabilidad Juvenil en la Zona Norte de Costa Rica"},"content":{"rendered":"<p><strong>Clasificaci\u00f3n:<\/strong> Seguridad y Prevenci\u00f3n de la Violencia<\/p>\n<p><strong>Monto:<\/strong> CAN $23.879,00<\/p>\n<p><strong>Tiempo de ejecuci\u00f3n:<\/strong> diciembre 2014 &#8211; febrero 2015<\/p>\n<p><strong>Donantes:<\/strong> Fondo Canadiense de Iniciativas Locales<\/p>\n<p><strong>Contrapartes: <\/strong>Federaci\u00f3n de Gobiernos Locales Fronterizos con Nicaragua, Junior Achievement Costa Rica<\/p>\n<p><strong>Pa\u00eds(es):<\/strong> Costa Rica<\/p>\n<p>&nbsp;<\/p>\n<p>Combatiendo el impacto desestabilizador del crimen organizado en las comunidades fronterizas de la zona Norte de Costa Rica a trav\u00e9s del desarrollo de competencias juveniles en empleabilidad y emprendedurismo y la gesti\u00f3n econ\u00f3mica local.<\/p>\n<p>&nbsp;<\/p>\n<p>Este proyecto tuvo como objetivo incrementar la empleabilidad y el emprendedurismo de los j\u00f3venes en condici\u00f3n de riesgo disminuyendo el impacto del crimen organizado y fortaleciendo el desarrollo econ\u00f3mico de las comunidades fronterizas de la Zona Norte: Upala, Los Chiles, Guatuso y Pe\u00f1as Blancas.<\/p>\n<p>&nbsp;<\/p>\n<p>El proyecto se conceptualiz\u00f3 desde un enfoque integral de prevenci\u00f3n del delito, a fin de reducir los factores de riesgo desarrollando capacidades de liderazgo, empleabilidad y emprendedurismo para propiciar la participaci\u00f3n juvenil en sus comunidades, aumentar el desarrollo econ\u00f3mico de la zona y la generaci\u00f3n de oportunidades y espacios para la convivencia pac\u00edfica.<\/p>\n<p>&nbsp;<\/p>\n<p><strong>Principales resultados:<\/strong><\/p>\n<p>&nbsp;<\/p>\n<ul>\n<li>Desarrollo del \u201cManual del Alumno \u2013 Empleo Joven\u201d y \u201cManual del Voluntario \u2013 Empleo Joven\u201d junto a las curr\u00edculas de capacitaci\u00f3n para ambos documentos.<\/li>\n<li>29 funcionarios de los Gobiernos Locales de Guatuso, Los Chiles, Upala y Pe\u00f1as Blanca fueron capacitados en el Programa de desarrollo de competencias \u201cEmpleo Joven\u201d, 17 de ellos mujeres.<\/li>\n<li>122 j\u00f3venes entre los 18-29 capacitados en el Programa \u201cEmpleo Joven\u201d con mejores condiciones de empleabilidad.<\/li>\n<li>17 j\u00f3venes en situaci\u00f3n de riesgo \u2013principalmente mujeres- capacitados(as) en el Programa de Capacitaci\u00f3n \u201cTalleres de empresas juveniles: Yo emprendo\u201d poseen las capacidades necesarias para desarrollar un plan de negocios de su propio emprendimiento.<\/li>\n<li>Desarrollo de 02 Campa\u00f1as de Comunicaci\u00f3n en redes sociales \u201c10 Consejos para un buen CV\u201d y \u201cFrases para emprender\u201d con un alcance de aproximadamente 6.500 personas. Durante la campa\u00f1a se dise\u00f1aron e imprimieron los siguientes materiales:\n<ul>\n<li>Afiches, volantes, banners, comunicados de prensa.<\/li>\n<li>Cobertura en vivo para redes sociales de las actividades del proyecto con un alcance estimado de 6.700 personas en todas las redes.<\/li>\n<li>Publicaci\u00f3n de noticias en la p\u00e1gina oficial de FUNPADEM y redes sociales.<\/li>\n<\/ul>\n<\/li>\n<\/ul>\n","protected":false},"excerpt":{"rendered":"<p>Clasificaci\u00f3n: Seguridad y Prevenci\u00f3n de la Violencia Monto: CAN $23.879,00 Tiempo de ejecuci\u00f3n: diciembre 2014 &#8211; febrero 2015 Donantes: Fondo Canadiense de Iniciativas Locales Contrapartes: Federaci\u00f3n de Gobiernos Locales Fronterizos con Nicaragua, Junior Achievement Costa Rica Pa\u00eds(es): Costa Rica &nbsp; Combatiendo el impacto desestabilizador del crimen organizado en las comunidades fronterizas de la zona Norte [&hellip;]<\/p>\n","protected":false},"author":1,"featured_media":7016,"comment_status":"open","ping_status":"closed","sticky":false,"template":"","format":"standard","meta":{"_bbp_topic_count":0,"_bbp_reply_count":0,"_bbp_total_topic_count":0,"_bbp_total_reply_count":0,"_bbp_voice_count":0,"_bbp_anonymous_reply_count":0,"_bbp_topic_count_hidden":0,"_bbp_reply_count_hidden":0,"_bbp_forum_subforum_count":0,"footnotes":""},"categories":[69,60,58],"tags":[],"class_list":["post-7015","post","type-post","status-publish","format-standard","has-post-thumbnail","hentry","category-2011-2015","category-costa-rica","category-seguridad-y-prevencion-de-la-violencia"],"_links":{"self":[{"href":"https:\/\/funpadem.org\/index.php\/wp-json\/wp\/v2\/posts\/7015","targetHints":{"allow":["GET"]}}],"collection":[{"href":"https:\/\/funpadem.org\/index.php\/wp-json\/wp\/v2\/posts"}],"about":[{"href":"https:\/\/funpadem.org\/index.php\/wp-json\/wp\/v2\/types\/post"}],"author":[{"embeddable":true,"href":"https:\/\/funpadem.org\/index.php\/wp-json\/wp\/v2\/users\/1"}],"replies":[{"embeddable":true,"href":"https:\/\/funpadem.org\/index.php\/wp-json\/wp\/v2\/comments?post=7015"}],"version-history":[{"count":1,"href":"https:\/\/funpadem.org\/index.php\/wp-json\/wp\/v2\/posts\/7015\/revisions"}],"predecessor-version":[{"id":7017,"href":"https:\/\/funpadem.org\/index.php\/wp-json\/wp\/v2\/posts\/7015\/revisions\/7017"}],"wp:featuredmedia":[{"embeddable":true,"href":"https:\/\/funpadem.org\/index.php\/wp-json\/wp\/v2\/media\/7016"}],"wp:attachment":[{"href":"https:\/\/funpadem.org\/index.php\/wp-json\/wp\/v2\/media?parent=7015"}],"wp:term":[{"taxonomy":"category","embeddable":true,"href":"https:\/\/funpadem.org\/index.php\/wp-json\/wp\/v2\/categories?post=7015"},{"taxonomy":"post_tag","embeddable":true,"href":"https:\/\/funpadem.org\/index.php\/wp-json\/wp\/v2\/tags?post=7015"}],"curies":[{"name":"wp","href":"https:\/\/api.w.org\/{rel}","templated":true}]}}