{"id":7027,"date":"2021-07-22T20:38:42","date_gmt":"2021-07-23T02:38:42","guid":{"rendered":"https:\/\/funpadem.org\/?p=7027"},"modified":"2023-02-18T14:25:00","modified_gmt":"2023-02-18T20:25:00","slug":"prevencion-de-la-violencia-en-centros-educativos-de-escazu","status":"publish","type":"post","link":"https:\/\/funpadem.org\/index.php\/2021\/07\/22\/prevencion-de-la-violencia-en-centros-educativos-de-escazu\/","title":{"rendered":"Prevenci\u00f3n de la violencia en centros educativos de Escaz\u00fa"},"content":{"rendered":"<p><strong>Clasificaci\u00f3n:<\/strong> Seguridad y Prevenci\u00f3n de la Violencia<\/p>\n<p><strong>Monto:<\/strong>\u00a0 21.715.680 colones<\/p>\n<p><strong>Tiempo de ejecuci\u00f3n:<\/strong> octubre 2015- Julio 2016<\/p>\n<p><strong>Donante:<\/strong> Municipalidad de Escaz\u00fa<\/p>\n<p><strong>Pa\u00eds(es):<\/strong> Costa Rica.<\/p>\n<p>&nbsp;<\/p>\n<p>Su objetivo fue sensibilizar al personal docente de los centros educativos de Escaz\u00fa en socializaci\u00f3n de g\u00e9nero, violencia intrafamiliar, tipos de violencia, mitos, secuelas, mecanismos de ayuda, <em>bullying<\/em>, derechos, autoestima, fortalecimiento de habilidades.<\/p>\n<p>&nbsp;<\/p>\n<p><strong>Principales resultados:<\/strong><\/p>\n<ol>\n<li>An\u00e1lisis situacional de la violencia en 10 centros educativos p\u00fablicos de Escaz\u00fa.<\/li>\n<li>Se dise\u00f1\u00f3 y se dio una impresi\u00f3n de una Gu\u00eda metodol\u00f3gica y una caja de 23 herramientas para prevenir la violencia social en centros educativos.<\/li>\n<li>Un total de 91 docentes de primaria de 10 centros educativos p\u00fablicos de Escaz\u00fa fueron capacitados en prevenci\u00f3n de la violencia social a trav\u00e9s de herramientas educativas de f\u00e1cil aplicaci\u00f3n.<\/li>\n<\/ol>\n","protected":false},"excerpt":{"rendered":"<p>Clasificaci\u00f3n: Seguridad y Prevenci\u00f3n de la Violencia Monto:\u00a0 21.715.680 colones Tiempo de ejecuci\u00f3n: octubre 2015- Julio 2016 Donante: Municipalidad de Escaz\u00fa Pa\u00eds(es): Costa Rica. &nbsp; Su objetivo fue sensibilizar al personal docente de los centros educativos de Escaz\u00fa en socializaci\u00f3n de g\u00e9nero, violencia intrafamiliar, tipos de violencia, mitos, secuelas, mecanismos de ayuda, bullying, derechos, autoestima, [&hellip;]<\/p>\n","protected":false},"author":1,"featured_media":11191,"comment_status":"open","ping_status":"closed","sticky":false,"template":"","format":"standard","meta":{"_bbp_topic_count":0,"_bbp_reply_count":0,"_bbp_total_topic_count":0,"_bbp_total_reply_count":0,"_bbp_voice_count":0,"_bbp_anonymous_reply_count":0,"_bbp_topic_count_hidden":0,"_bbp_reply_count_hidden":0,"_bbp_forum_subforum_count":0,"footnotes":""},"categories":[69,70,60,58],"tags":[],"class_list":["post-7027","post","type-post","status-publish","format-standard","has-post-thumbnail","hentry","category-2011-2015","category-2016-2020","category-costa-rica","category-seguridad-y-prevencion-de-la-violencia"],"_links":{"self":[{"href":"https:\/\/funpadem.org\/index.php\/wp-json\/wp\/v2\/posts\/7027","targetHints":{"allow":["GET"]}}],"collection":[{"href":"https:\/\/funpadem.org\/index.php\/wp-json\/wp\/v2\/posts"}],"about":[{"href":"https:\/\/funpadem.org\/index.php\/wp-json\/wp\/v2\/types\/post"}],"author":[{"embeddable":true,"href":"https:\/\/funpadem.org\/index.php\/wp-json\/wp\/v2\/users\/1"}],"replies":[{"embeddable":true,"href":"https:\/\/funpadem.org\/index.php\/wp-json\/wp\/v2\/comments?post=7027"}],"version-history":[{"count":1,"href":"https:\/\/funpadem.org\/index.php\/wp-json\/wp\/v2\/posts\/7027\/revisions"}],"predecessor-version":[{"id":7029,"href":"https:\/\/funpadem.org\/index.php\/wp-json\/wp\/v2\/posts\/7027\/revisions\/7029"}],"wp:featuredmedia":[{"embeddable":true,"href":"https:\/\/funpadem.org\/index.php\/wp-json\/wp\/v2\/media\/11191"}],"wp:attachment":[{"href":"https:\/\/funpadem.org\/index.php\/wp-json\/wp\/v2\/media?parent=7027"}],"wp:term":[{"taxonomy":"category","embeddable":true,"href":"https:\/\/funpadem.org\/index.php\/wp-json\/wp\/v2\/categories?post=7027"},{"taxonomy":"post_tag","embeddable":true,"href":"https:\/\/funpadem.org\/index.php\/wp-json\/wp\/v2\/tags?post=7027"}],"curies":[{"name":"wp","href":"https:\/\/api.w.org\/{rel}","templated":true}]}}