{"id":7042,"date":"2021-07-22T21:00:20","date_gmt":"2021-07-23T03:00:20","guid":{"rendered":"https:\/\/funpadem.org\/?p=7042"},"modified":"2023-02-18T14:15:27","modified_gmt":"2023-02-18T20:15:27","slug":"charlas-de-sensibilizacion-para-la-creacion-de-un-programa-integral-de-prevencion-de-la-violencia-social-en-centros-educativos-de-alajuela","status":"publish","type":"post","link":"https:\/\/funpadem.org\/index.php\/2021\/07\/22\/charlas-de-sensibilizacion-para-la-creacion-de-un-programa-integral-de-prevencion-de-la-violencia-social-en-centros-educativos-de-alajuela\/","title":{"rendered":"Charlas de sensibilizaci\u00f3n para la creaci\u00f3n de un Programa integral de prevenci\u00f3n de la violencia social en centros educativos de Alajuela"},"content":{"rendered":"<p><strong>Clasificaci\u00f3n:<\/strong> Seguridad y Prevenci\u00f3n de la Violencia.<\/p>\n<p><strong>Monto:<\/strong> US $5.452<\/p>\n<p><strong>Tiempo de ejecuci\u00f3n:<\/strong> septiembre 2016 &#8211; diciembre 2017<\/p>\n<p><strong>Donantes:<\/strong> Municipalidad de Alajuela<\/p>\n<p><strong>Pa\u00eds(es):<\/strong> Costa Rica.<\/p>\n<p>&nbsp;<\/p>\n<p>El objetivo de este proyecto fue sentar las bases de un programa integral de prevenci\u00f3n de la violencia en centros educativos de Alajuela liderado por el Municipio a trav\u00e9s de la Polic\u00eda Municipal de Alajuela.<\/p>\n<p>&nbsp;<\/p>\n<p><strong>Los resultados obtenidos fueron:<\/strong><\/p>\n<ol>\n<li>Ejecuci\u00f3n de un taller de 8 horas sobre prevenci\u00f3n de la violencia, con \u00e9nfasis en prevenci\u00f3n de la violencia juvenil a 25 polic\u00edas municipales en junio 2016 en el Teatro Municipal de Alajuela.<\/li>\n<li>Se realiz\u00f3 un diagn\u00f3stico sobre la violencia social en 8 centros educativos de primaria en Alajuela<\/li>\n<li>Se asesor\u00f3 en campo a 6 diferentes funcionarios policiales en observaci\u00f3n y detecci\u00f3n de factores de riesgo y protectores en centros educativos a primaria durante el 2016 y 2017.<\/li>\n<\/ol>\n","protected":false},"excerpt":{"rendered":"<p>Clasificaci\u00f3n: Seguridad y Prevenci\u00f3n de la Violencia. Monto: US $5.452 Tiempo de ejecuci\u00f3n: septiembre 2016 &#8211; diciembre 2017 Donantes: Municipalidad de Alajuela Pa\u00eds(es): Costa Rica. &nbsp; El objetivo de este proyecto fue sentar las bases de un programa integral de prevenci\u00f3n de la violencia en centros educativos de Alajuela liderado por el Municipio a trav\u00e9s [&hellip;]<\/p>\n","protected":false},"author":1,"featured_media":11187,"comment_status":"open","ping_status":"closed","sticky":false,"template":"","format":"standard","meta":{"_bbp_topic_count":0,"_bbp_reply_count":0,"_bbp_total_topic_count":0,"_bbp_total_reply_count":0,"_bbp_voice_count":0,"_bbp_anonymous_reply_count":0,"_bbp_topic_count_hidden":0,"_bbp_reply_count_hidden":0,"_bbp_forum_subforum_count":0,"footnotes":""},"categories":[70,60,58],"tags":[],"class_list":["post-7042","post","type-post","status-publish","format-standard","has-post-thumbnail","hentry","category-2016-2020","category-costa-rica","category-seguridad-y-prevencion-de-la-violencia"],"_links":{"self":[{"href":"https:\/\/funpadem.org\/index.php\/wp-json\/wp\/v2\/posts\/7042","targetHints":{"allow":["GET"]}}],"collection":[{"href":"https:\/\/funpadem.org\/index.php\/wp-json\/wp\/v2\/posts"}],"about":[{"href":"https:\/\/funpadem.org\/index.php\/wp-json\/wp\/v2\/types\/post"}],"author":[{"embeddable":true,"href":"https:\/\/funpadem.org\/index.php\/wp-json\/wp\/v2\/users\/1"}],"replies":[{"embeddable":true,"href":"https:\/\/funpadem.org\/index.php\/wp-json\/wp\/v2\/comments?post=7042"}],"version-history":[{"count":1,"href":"https:\/\/funpadem.org\/index.php\/wp-json\/wp\/v2\/posts\/7042\/revisions"}],"predecessor-version":[{"id":7044,"href":"https:\/\/funpadem.org\/index.php\/wp-json\/wp\/v2\/posts\/7042\/revisions\/7044"}],"wp:featuredmedia":[{"embeddable":true,"href":"https:\/\/funpadem.org\/index.php\/wp-json\/wp\/v2\/media\/11187"}],"wp:attachment":[{"href":"https:\/\/funpadem.org\/index.php\/wp-json\/wp\/v2\/media?parent=7042"}],"wp:term":[{"taxonomy":"category","embeddable":true,"href":"https:\/\/funpadem.org\/index.php\/wp-json\/wp\/v2\/categories?post=7042"},{"taxonomy":"post_tag","embeddable":true,"href":"https:\/\/funpadem.org\/index.php\/wp-json\/wp\/v2\/tags?post=7042"}],"curies":[{"name":"wp","href":"https:\/\/api.w.org\/{rel}","templated":true}]}}