{"id":7060,"date":"2021-07-23T09:37:59","date_gmt":"2021-07-23T15:37:59","guid":{"rendered":"https:\/\/funpadem.org\/?p=7060"},"modified":"2021-07-23T09:57:02","modified_gmt":"2021-07-23T15:57:02","slug":"jornada-centroamericana-de-reflexion-30-anos-de-la-firma-del-tratado-de-paz","status":"publish","type":"post","link":"https:\/\/funpadem.org\/index.php\/2021\/07\/23\/jornada-centroamericana-de-reflexion-30-anos-de-la-firma-del-tratado-de-paz\/","title":{"rendered":"\u201cJornada Centroamericana de Reflexi\u00f3n: 30 A\u00d1OS DE LA FIRMA DEL TRATADO DE PAZ\u201d"},"content":{"rendered":"<p><strong>Clasificaci\u00f3n:<\/strong> Gobernanza Democr\u00e1tica<\/p>\n<p><strong>Donante:<\/strong> FUNPADEM<\/p>\n<p><strong>Monto:<\/strong> US $20.000<\/p>\n<p><strong>Tiempo de ejecuci\u00f3n:<\/strong> abril &#8211; agosto 2017<\/p>\n<p>&nbsp;<\/p>\n<p>El 7 de agosto de 2017 tiene un significado especial para la historia de Centroam\u00e9rica, se celebran 30 a\u00f1os de la firma de los Acuerdos de Paz Esquipulas II, acuerdos que pusieron fin a una d\u00e9cada de guerras civiles en la regi\u00f3n y que promovieron el proceso de paz y democracia en Centroam\u00e9rica. A 30 a\u00f1os del compromiso por la pacificaci\u00f3n asumido por los pa\u00edses centroamericanos, es de suma importancia no solo realizar un an\u00e1lisis de los principales avances en esta materia sino tambi\u00e9n de los principales retos que enfrenta Centroam\u00e9rica actualmente.<\/p>\n<p>&nbsp;<\/p>\n<p>FUNPADEM\u00a0ha sido y es un actor fundamental, no solo como fiel precursor del proceso de pacificaci\u00f3n de la regi\u00f3n desde los acuerdos de paz sino como un agente constructor de iniciativas regionales que promueven sociedades centroamericanas m\u00e1s pac\u00edficas, democr\u00e1ticas y justas.<\/p>\n<p>&nbsp;<\/p>\n<p>En este contexto, FUNPADEM realiz\u00f3 la \u201cJornada Centroamericana de Reflexi\u00f3n: 30 A\u00d1OS DE LA FIRMA DEL TRATADO DE PAZ\u201d que tuvo como objetivo identificar los nuevos retos que enfrentan los pa\u00edses centroamericanos por la pacificaci\u00f3n y democratizaci\u00f3n de la regi\u00f3n a partir de la evaluaci\u00f3n de las acciones realizadas en los \u00faltimos 30 a\u00f1os desde la firma de los Tratados de Paz.<\/p>\n<p><strong>\u00a0<\/strong><\/p>\n<p><strong>Resultados:<\/strong><\/p>\n<ol>\n<li>Por medio de tres foros tem\u00e1ticos de 4 horas cada uno se promovi\u00f3 la discusi\u00f3n y an\u00e1lisis de manera participativa entre m\u00e1s de 30 expertos nacionales e internacionales:\n<ol>\n<li>Foro 1: Democracia, cooperaci\u00f3n y libertad para la paz y el desarrollo (mayo 2017).<\/li>\n<li>Foro 2: Seguridad ciudadana y el papel de las fuerzas armadas (junio 2017).<\/li>\n<li>Foro 3: Desarrollo econ\u00f3mico, equidad y pobreza (Julio 2017).<\/li>\n<\/ol>\n<\/li>\n<li>Se public\u00f3 la sistematizaci\u00f3n con los principales resultados de los foros de discusi\u00f3n.<\/li>\n<li>Conferencia Magistral de cierre con el Sr. Secretario General de la OEA; Luis Almagro con m\u00e1s de 200 participantes.<\/li>\n<\/ol>\n","protected":false},"excerpt":{"rendered":"<p>Clasificaci\u00f3n: Gobernanza Democr\u00e1tica Donante: FUNPADEM Monto: US $20.000 Tiempo de ejecuci\u00f3n: abril &#8211; agosto 2017 &nbsp; El 7 de agosto de 2017 tiene un significado especial para la historia de Centroam\u00e9rica, se celebran 30 a\u00f1os de la firma de los Acuerdos de Paz Esquipulas II, acuerdos que pusieron fin a una d\u00e9cada de guerras civiles [&hellip;]<\/p>\n","protected":false},"author":1,"featured_media":7062,"comment_status":"open","ping_status":"closed","sticky":false,"template":"","format":"standard","meta":{"_bbp_topic_count":0,"_bbp_reply_count":0,"_bbp_total_topic_count":0,"_bbp_total_reply_count":0,"_bbp_voice_count":0,"_bbp_anonymous_reply_count":0,"_bbp_topic_count_hidden":0,"_bbp_reply_count_hidden":0,"_bbp_forum_subforum_count":0,"footnotes":""},"categories":[70,72,55],"tags":[],"class_list":["post-7060","post","type-post","status-publish","format-standard","has-post-thumbnail","hentry","category-2016-2020","category-centroamerica","category-gobernanza-democratica"],"_links":{"self":[{"href":"https:\/\/funpadem.org\/index.php\/wp-json\/wp\/v2\/posts\/7060","targetHints":{"allow":["GET"]}}],"collection":[{"href":"https:\/\/funpadem.org\/index.php\/wp-json\/wp\/v2\/posts"}],"about":[{"href":"https:\/\/funpadem.org\/index.php\/wp-json\/wp\/v2\/types\/post"}],"author":[{"embeddable":true,"href":"https:\/\/funpadem.org\/index.php\/wp-json\/wp\/v2\/users\/1"}],"replies":[{"embeddable":true,"href":"https:\/\/funpadem.org\/index.php\/wp-json\/wp\/v2\/comments?post=7060"}],"version-history":[{"count":1,"href":"https:\/\/funpadem.org\/index.php\/wp-json\/wp\/v2\/posts\/7060\/revisions"}],"predecessor-version":[{"id":7061,"href":"https:\/\/funpadem.org\/index.php\/wp-json\/wp\/v2\/posts\/7060\/revisions\/7061"}],"wp:featuredmedia":[{"embeddable":true,"href":"https:\/\/funpadem.org\/index.php\/wp-json\/wp\/v2\/media\/7062"}],"wp:attachment":[{"href":"https:\/\/funpadem.org\/index.php\/wp-json\/wp\/v2\/media?parent=7060"}],"wp:term":[{"taxonomy":"category","embeddable":true,"href":"https:\/\/funpadem.org\/index.php\/wp-json\/wp\/v2\/categories?post=7060"},{"taxonomy":"post_tag","embeddable":true,"href":"https:\/\/funpadem.org\/index.php\/wp-json\/wp\/v2\/tags?post=7060"}],"curies":[{"name":"wp","href":"https:\/\/api.w.org\/{rel}","templated":true}]}}