{"id":7080,"date":"2021-07-24T20:35:21","date_gmt":"2021-07-25T02:35:21","guid":{"rendered":"https:\/\/funpadem.org\/?p=7080"},"modified":"2021-07-24T20:35:21","modified_gmt":"2021-07-25T02:35:21","slug":"diseno-de-una-estrategia-de-comunicacion-y-divulgacion-para-el-area-de-conservacion-tortuguero-acto","status":"publish","type":"post","link":"https:\/\/funpadem.org\/index.php\/2021\/07\/24\/diseno-de-una-estrategia-de-comunicacion-y-divulgacion-para-el-area-de-conservacion-tortuguero-acto\/","title":{"rendered":"Dise\u00f1o de una Estrategia de Comunicaci\u00f3n y Divulgaci\u00f3n para el \u00c1rea de Conservaci\u00f3n Tortuguero (ACTo)"},"content":{"rendered":"<p><strong>Calificaci\u00f3n:<\/strong> Gobernanza Ambiental<\/p>\n<p><strong>Monto:<\/strong> CR \u20a115,839,862.57<\/p>\n<p><strong>Donantes:<\/strong> Asociaci\u00f3n Costa Rica por Siempre<\/p>\n<p><strong>Pa\u00eds (es):<\/strong> Costa Rica<\/p>\n<p><strong>Tiempo de ejecuci\u00f3n:<\/strong> 12 meses<\/p>\n<p>&nbsp;<\/p>\n<p>El objetivo de este proyecto fue fortalecer la participaci\u00f3n e involucramiento comunitario en la gesti\u00f3n y conservaci\u00f3n de las \u00c1reas Silvestres Protegidas (ASP) de ACTo, a trav\u00e9s del desarrollo e implementaci\u00f3n de una Estrategia de Comunicaci\u00f3n y Divulgaci\u00f3n.<\/p>\n<p>&nbsp;<\/p>\n<p>Los resultados del proyecto fueron los siguientes:<\/p>\n<ul>\n<li>Se elabor\u00f3 un diagn\u00f3stico y una evaluaci\u00f3n de las actividades e iniciativas de comunicaci\u00f3n, promoci\u00f3n y mercadeo que ACTo implement\u00f3 con grupos de inter\u00e9s.<\/li>\n<li>Se elabor\u00f3 una Estrategia de Comunicaci\u00f3n y Divulgaci\u00f3n para 2 ASP del \u00c1rea de Conservaci\u00f3n Tortuguero (ACTo).<\/li>\n<\/ul>\n","protected":false},"excerpt":{"rendered":"<p>Calificaci\u00f3n: Gobernanza Ambiental Monto: CR \u20a115,839,862.57 Donantes: Asociaci\u00f3n Costa Rica por Siempre Pa\u00eds (es): Costa Rica Tiempo de ejecuci\u00f3n: 12 meses &nbsp; El objetivo de este proyecto fue fortalecer la participaci\u00f3n e involucramiento comunitario en la gesti\u00f3n y conservaci\u00f3n de las \u00c1reas Silvestres Protegidas (ASP) de ACTo, a trav\u00e9s del desarrollo e implementaci\u00f3n de una [&hellip;]<\/p>\n","protected":false},"author":1,"featured_media":7081,"comment_status":"open","ping_status":"closed","sticky":false,"template":"","format":"standard","meta":{"_bbp_topic_count":0,"_bbp_reply_count":0,"_bbp_total_topic_count":0,"_bbp_total_reply_count":0,"_bbp_voice_count":0,"_bbp_anonymous_reply_count":0,"_bbp_topic_count_hidden":0,"_bbp_reply_count_hidden":0,"_bbp_forum_subforum_count":0,"footnotes":""},"categories":[70,60,57],"tags":[],"class_list":["post-7080","post","type-post","status-publish","format-standard","has-post-thumbnail","hentry","category-2016-2020","category-costa-rica","category-gobernanza-ambiental"],"_links":{"self":[{"href":"https:\/\/funpadem.org\/index.php\/wp-json\/wp\/v2\/posts\/7080","targetHints":{"allow":["GET"]}}],"collection":[{"href":"https:\/\/funpadem.org\/index.php\/wp-json\/wp\/v2\/posts"}],"about":[{"href":"https:\/\/funpadem.org\/index.php\/wp-json\/wp\/v2\/types\/post"}],"author":[{"embeddable":true,"href":"https:\/\/funpadem.org\/index.php\/wp-json\/wp\/v2\/users\/1"}],"replies":[{"embeddable":true,"href":"https:\/\/funpadem.org\/index.php\/wp-json\/wp\/v2\/comments?post=7080"}],"version-history":[{"count":1,"href":"https:\/\/funpadem.org\/index.php\/wp-json\/wp\/v2\/posts\/7080\/revisions"}],"predecessor-version":[{"id":7082,"href":"https:\/\/funpadem.org\/index.php\/wp-json\/wp\/v2\/posts\/7080\/revisions\/7082"}],"wp:featuredmedia":[{"embeddable":true,"href":"https:\/\/funpadem.org\/index.php\/wp-json\/wp\/v2\/media\/7081"}],"wp:attachment":[{"href":"https:\/\/funpadem.org\/index.php\/wp-json\/wp\/v2\/media?parent=7080"}],"wp:term":[{"taxonomy":"category","embeddable":true,"href":"https:\/\/funpadem.org\/index.php\/wp-json\/wp\/v2\/categories?post=7080"},{"taxonomy":"post_tag","embeddable":true,"href":"https:\/\/funpadem.org\/index.php\/wp-json\/wp\/v2\/tags?post=7080"}],"curies":[{"name":"wp","href":"https:\/\/api.w.org\/{rel}","templated":true}]}}