{"id":7083,"date":"2021-07-24T20:40:06","date_gmt":"2021-07-25T02:40:06","guid":{"rendered":"https:\/\/funpadem.org\/?p=7083"},"modified":"2023-02-18T13:52:34","modified_gmt":"2023-02-18T19:52:34","slug":"elaboracion-de-una-propuesta-para-la-organizacion-de-la-oferta-formativa-para-el-programa-centros-civicos-por-la-paz-ccp-adecuada-a-la-demanda-de-la-poblacion-meta","status":"publish","type":"post","link":"https:\/\/funpadem.org\/index.php\/2021\/07\/24\/elaboracion-de-una-propuesta-para-la-organizacion-de-la-oferta-formativa-para-el-programa-centros-civicos-por-la-paz-ccp-adecuada-a-la-demanda-de-la-poblacion-meta\/","title":{"rendered":"Elaboraci\u00f3n de una propuesta para la organizaci\u00f3n de la oferta formativa para el programa Centros C\u00edvicos por la Paz (CCP), adecuada a la demanda de la poblaci\u00f3n meta"},"content":{"rendered":"<p><strong>Calificaci\u00f3n: <\/strong>Resoluci\u00f3n Pac\u00edfica de Conflictos.<\/p>\n<p><strong>Monto:\u00a0 <\/strong>CR \u20a1 7.000.000<\/p>\n<p><strong>Donantes: <\/strong>UNICEF Y Vice-Ministerio de Paz.<\/p>\n<p><strong>Pa\u00eds (es): <\/strong>Costa Rica<\/p>\n<p><strong>Tiempo de ejecuci\u00f3n: <\/strong>Febrero a marzo 2019<\/p>\n<p>&nbsp;<\/p>\n<p>&nbsp;<\/p>\n<p>El objetivo de este proyecto fue dise\u00f1ar una propuesta con recomendaciones para la articulaci\u00f3n de procesos formativos en el programa CCP (Centros C\u00edvicos para la Paz), buscando dotar de modularidad a la oferta fija en el favorecimiento de la evaluaci\u00f3n a trav\u00e9s de cambios actitudinales hacia la prevenci\u00f3n de la violencia en la poblaci\u00f3n joven entre los 13 a los 19 a\u00f1os.<\/p>\n<p>&nbsp;<\/p>\n<p>Los resultados del proyecto fueron:<\/p>\n<ul>\n<li>Se realiz\u00f3 una revisi\u00f3n documental, consultas mediante <em>focus group<\/em> y entrevistas a los actores involucrados, para la comprensi\u00f3n de la oferta formativa fija de los CCP.<\/li>\n<li>Se delimit\u00f3 la forma en que los actores han desarrollado la oferta formativa y su v\u00ednculo sustantivo con el modelo preventivo de CCP.<\/li>\n<li>Distinci\u00f3n de los contenidos formativos de la oferta program\u00e1tica existente en los CCP.<\/li>\n<li>Valoraci\u00f3n mediante un diagn\u00f3stico de los nudos problem\u00e1ticos y aspectos de mejora en el dise\u00f1o de la oferta formativa.<\/li>\n<li>Se proporcion\u00f3 una propuesta operativa y funcional de modularidad a la oferta fija para el favorecimiento de la evaluaci\u00f3n a trav\u00e9s de cambios actitudinales hacia la prevenci\u00f3n de la violencia en la poblaci\u00f3n meta.<\/li>\n<\/ul>\n","protected":false},"excerpt":{"rendered":"<p>Calificaci\u00f3n: Resoluci\u00f3n Pac\u00edfica de Conflictos. Monto:\u00a0 CR \u20a1 7.000.000 Donantes: UNICEF Y Vice-Ministerio de Paz. Pa\u00eds (es): Costa Rica Tiempo de ejecuci\u00f3n: Febrero a marzo 2019 &nbsp; &nbsp; El objetivo de este proyecto fue dise\u00f1ar una propuesta con recomendaciones para la articulaci\u00f3n de procesos formativos en el programa CCP (Centros C\u00edvicos para la Paz), buscando [&hellip;]<\/p>\n","protected":false},"author":1,"featured_media":11181,"comment_status":"open","ping_status":"closed","sticky":false,"template":"","format":"standard","meta":{"_bbp_topic_count":0,"_bbp_reply_count":0,"_bbp_total_topic_count":0,"_bbp_total_reply_count":0,"_bbp_voice_count":0,"_bbp_anonymous_reply_count":0,"_bbp_topic_count_hidden":0,"_bbp_reply_count_hidden":0,"_bbp_forum_subforum_count":0,"footnotes":""},"categories":[70,60,59],"tags":[],"class_list":["post-7083","post","type-post","status-publish","format-standard","has-post-thumbnail","hentry","category-2016-2020","category-costa-rica","category-solucion-pacifica-de-conflictos"],"_links":{"self":[{"href":"https:\/\/funpadem.org\/index.php\/wp-json\/wp\/v2\/posts\/7083","targetHints":{"allow":["GET"]}}],"collection":[{"href":"https:\/\/funpadem.org\/index.php\/wp-json\/wp\/v2\/posts"}],"about":[{"href":"https:\/\/funpadem.org\/index.php\/wp-json\/wp\/v2\/types\/post"}],"author":[{"embeddable":true,"href":"https:\/\/funpadem.org\/index.php\/wp-json\/wp\/v2\/users\/1"}],"replies":[{"embeddable":true,"href":"https:\/\/funpadem.org\/index.php\/wp-json\/wp\/v2\/comments?post=7083"}],"version-history":[{"count":1,"href":"https:\/\/funpadem.org\/index.php\/wp-json\/wp\/v2\/posts\/7083\/revisions"}],"predecessor-version":[{"id":7085,"href":"https:\/\/funpadem.org\/index.php\/wp-json\/wp\/v2\/posts\/7083\/revisions\/7085"}],"wp:featuredmedia":[{"embeddable":true,"href":"https:\/\/funpadem.org\/index.php\/wp-json\/wp\/v2\/media\/11181"}],"wp:attachment":[{"href":"https:\/\/funpadem.org\/index.php\/wp-json\/wp\/v2\/media?parent=7083"}],"wp:term":[{"taxonomy":"category","embeddable":true,"href":"https:\/\/funpadem.org\/index.php\/wp-json\/wp\/v2\/categories?post=7083"},{"taxonomy":"post_tag","embeddable":true,"href":"https:\/\/funpadem.org\/index.php\/wp-json\/wp\/v2\/tags?post=7083"}],"curies":[{"name":"wp","href":"https:\/\/api.w.org\/{rel}","templated":true}]}}