{"id":7089,"date":"2021-07-24T20:48:10","date_gmt":"2021-07-25T02:48:10","guid":{"rendered":"https:\/\/funpadem.org\/?p=7089"},"modified":"2022-02-22T20:49:48","modified_gmt":"2022-02-23T02:49:48","slug":"mejora-del-trabajo-policial-con-jovenes-en-riesgo-para-prevenir-la-violencia-y-el-delito-juvenil","status":"publish","type":"post","link":"https:\/\/funpadem.org\/index.php\/2021\/07\/24\/mejora-del-trabajo-policial-con-jovenes-en-riesgo-para-prevenir-la-violencia-y-el-delito-juvenil\/","title":{"rendered":"Mejora del trabajo policial con j\u00f3venes en riesgo para prevenir la violencia y el delito juvenil"},"content":{"rendered":"\t\t<div data-elementor-type=\"wp-post\" data-elementor-id=\"7089\" class=\"elementor elementor-7089\" data-elementor-post-type=\"post\">\n\t\t\t\t\t\t<section class=\"elementor-section elementor-top-section elementor-element elementor-element-719d10ea elementor-section-boxed elementor-section-height-default elementor-section-height-default\" data-id=\"719d10ea\" data-element_type=\"section\">\n\t\t\t\t\t\t<div class=\"elementor-container elementor-column-gap-default\">\n\t\t\t\t\t<div class=\"elementor-column elementor-col-100 elementor-top-column elementor-element elementor-element-7aa6ec55\" data-id=\"7aa6ec55\" data-element_type=\"column\">\n\t\t\t<div class=\"elementor-widget-wrap elementor-element-populated\">\n\t\t\t\t\t\t<div class=\"elementor-element elementor-element-3c215e73 elementor-widget elementor-widget-text-editor\" data-id=\"3c215e73\" data-element_type=\"widget\" data-widget_type=\"text-editor.default\">\n\t\t\t\t<div class=\"elementor-widget-container\">\n\t\t\t\t\t\t\t\t\t<p><strong>Monto:<\/strong> US $119,986.38<\/p><p><strong>Donante:<\/strong> La Oficina Internacional de Asistencia Antinarc\u00f3ticos y Cumplimiento de la Ley (Bureau of International Narcotics and Law Enforcement Affairs)<\/p><p><strong>Tiempo de ejecuci\u00f3n:<\/strong> octubre 2017 &#8211; setiembre 2019<\/p><p><strong>Pa\u00eds (es): <\/strong>Costa Rica<\/p><p>El objetivo de este proyecto fue responder a las necesidades de la Fuerza P\u00fablica, y de los j\u00f3venes socialmente vulnerables, para mejorar las capacidades del Ministerio de Seguridad P\u00fablica de Costa Rica para el correcto acercamiento de la polic\u00eda con las personas j\u00f3venes para prevenir la violencia juvenil y las actividades criminales y construir paz social.<\/p><p>FUNPADEM, a trav\u00e9s de un equipo experto, desarroll\u00f3 competencias en la polic\u00eda en habilidades de prevenci\u00f3n del delito y la violencia que afecta a la juventud, especialmente para mejorar el abordaje y relacionamiento entre polic\u00eda y j\u00f3venes en condici\u00f3n de riesgo.<\/p><p>Este proyecto trabaj\u00f3 con las siguientes delegaciones policiales:<\/p><ol><li style=\"list-style-type: none;\"><ol><li>Delegaci\u00f3n Central de San Jos\u00e9: Subdelegaci\u00f3n de La Carpio y Pavas.<\/li><li>Delegaci\u00f3n Central de Mora.<\/li><li>Delegaci\u00f3n Central de Desamparados.<\/li><li>Delegaci\u00f3n Central de Santa Ana.<\/li><li>Delegaci\u00f3n Central Alajuelita.<\/li><li>Delegaci\u00f3n Central Curridabat.<\/li><li>Delegaci\u00f3n Central Alajuela: Subdelegaci\u00f3n del Barrio San Jos\u00e9 y San Rafael.<\/li><li>Delegaci\u00f3n Central Moravia.<\/li><li>Delegaci\u00f3n Central Montes de Oca.<\/li><li>Delegaci\u00f3n Central Tib\u00e1s.<\/li><li>Delegaci\u00f3n Central La Uni\u00f3n.<\/li><li>Delegaci\u00f3n Central Goicoechea.<\/li><\/ol><\/li><\/ol><p><strong>Resultados esperados y actividades:<\/strong><\/p><p><span style=\"color: var( --e-global-color-secondary ); font-family: var( --e-global-typography-text-font-family ), Sans-serif; font-size: var( --e-global-typography-text-font-size ); font-weight: var( --e-global-typography-text-font-weight );\"><strong>Resultado 1:<\/strong> Sensibilizar a la opini\u00f3n p\u00fablica acerca de la importancia de la prevenci\u00f3n de la violencia con los j\u00f3venes y la necesidad de contar con un adecuado enfoque para el abordaje de esta poblaci\u00f3n.<\/span><\/p><ul><li style=\"list-style-type: none;\"><ul><li>Actividad 1.1 A trav\u00e9s de una campa\u00f1a de comunicaci\u00f3n con enfoque de cambio social se pretende sensibilizar sobre la necesidad de romper esquemas tradicionales y estigmas que muchas personas -incluida la polic\u00eda- tienen hacia los j\u00f3venes y contribuyen a una relaci\u00f3n distante o conflictiva con este segmento de la poblaci\u00f3n.<\/li><\/ul><\/li><\/ul><p><span style=\"color: var( --e-global-color-secondary ); font-family: var( --e-global-typography-text-font-family ), Sans-serif; font-size: var( --e-global-typography-text-font-size ); font-weight: var( --e-global-typography-text-font-weight );\"><strong>Resultado 2:<\/strong> Capacitar a las delegaciones de polic\u00eda participantes sobre c\u00f3mo abordar a los j\u00f3venes y c\u00f3mo desarrollar una l\u00ednea de trabajo m\u00e1s efectiva sobre prevenci\u00f3n de la violencia juvenil.<\/span><\/p><ul><li style=\"list-style-type: none;\"><ul><li>Actividad 2.1 Construcci\u00f3n de Planes anuales de prevenci\u00f3n de la violencia juvenil en cada delegaci\u00f3n seleccionada entre los oficiales de polic\u00eda y representantes juveniles. Esta metodolog\u00eda incluye di\u00e1logos locales, nacionales y mesas de trabajo entre estos dos actores. Estos planes servir\u00e1n de insumo para fortalecer la Estrategia de Prevenci\u00f3n de la Violencia desde Fuerza P\u00fablica y realizar su debida validaci\u00f3n interna.<\/li><li>Actividad 2.2: Capacitaci\u00f3n en la aplicaci\u00f3n de una caja de herramientas metodol\u00f3gica que permita a la polic\u00eda mejorar su trabajo sistem\u00e1tico con los j\u00f3venes<\/li><\/ul><\/li><\/ul><p><strong>Resultado 3<\/strong>: Acompa\u00f1ar a las delegaciones policiales participantes en la aplicaci\u00f3n de sus nuevas habilidades y conocimientos en prevenci\u00f3n de la violencia juvenil.<\/p><ul><li style=\"list-style-type: none;\"><ul><li>Actividad 3.1: En este sentido, la capacitaci\u00f3n es experiencial y no se limita a un aula porque el principal desaf\u00edo en el cambio de comportamiento no est\u00e1 relacionado con la falta de conocimiento, sino a la falta de pr\u00e1ctica y aplicaci\u00f3n del conocimiento. Para generar cambios reales, ser\u00e1 importante que la polic\u00eda aplique su aprendizaje y reciba acompa\u00f1amiento, apoyo y retroalimentaci\u00f3n en el proceso a trav\u00e9s del equipo experto del proyecto.<\/li><li>Actividad 3.2: Desarrollo de Equipos Comunitarios Comunes por delegaci\u00f3n para ayudar a guiar e implementar las acciones definidas en los planes anuales de prevenci\u00f3n de la violencia, en el entendido que la prevenci\u00f3n no es solo una tarea de los cuerpos policiales sino tambi\u00e9n de las comunidades.<\/li><\/ul><\/li><\/ul><p><strong>Resultado 4:<\/strong> Sistematizar el proceso y los materiales de capacitaci\u00f3n para que puedan ser institucionalizados e implementados m\u00e1s all\u00e1 de las delegaciones participante.<\/p><p><strong>Publicaciones relacionadas:<\/strong><\/p><p><span style=\"color: #01b2ca;\"><a style=\"color: #01b2ca;\" href=\"https:\/\/funpadem.org\/index.php\/2022\/02\/10\/2020cajaherramientasprvviolenciajuvenil\/\">(2020) Caja de Herramientas para prevenir la violencia juvenil desde un enfoque policial<\/a><\/span><\/p><p class=\"elementor-post__title\"><span style=\"color: #01b2ca;\"><a style=\"color: #01b2ca;\" href=\"https:\/\/funpadem.org\/index.php\/2022\/02\/10\/2019_-sitematiacionbppoliciajuventud\/\">(2019) Sistematizaci\u00f3n de buenas practicas sobre el relacionamiento de la polic\u00eda y las personas j\u00f3venes<\/a><\/span><\/p><p class=\"elementor-post__title\"><span style=\"color: #01b2ca;\"><a style=\"color: #01b2ca;\" href=\"https:\/\/funpadem.org\/index.php\/2022\/02\/10\/estrategias-de-prevencion-con-juventudes\/\">(2019) Estrategias de prevenci\u00f3n mediante el acercamiento a las juventudes<\/a><\/span><\/p><p class=\"elementor-post__title\"><span style=\"color: #01b2ca;\"><a style=\"color: #01b2ca;\" href=\"https:\/\/funpadem.org\/index.php\/2022\/02\/10\/2019-sistematizacion-de-mesas-de-trabajo-entre-juventud-y-policia\/\">(2019) Sistematizaci\u00f3n de mesas de trabajo entre juventud y polic\u00eda<\/a><\/span><\/p><p class=\"elementor-post__title\"><span style=\"color: #01b2ca;\"><a style=\"color: #01b2ca;\" href=\"https:\/\/funpadem.org\/index.php\/2022\/02\/10\/2019hallazgosdialogoslocales\/\">(2019) Hallazgos de Di\u00e1logos Locales entre Polic\u00eda y juventud<\/a><\/span><\/p><h3 class=\"elementor-post__title\">\u00a0<\/h3>\t\t\t\t\t\t\t\t<\/div>\n\t\t\t\t<\/div>\n\t\t\t\t<div class=\"elementor-element elementor-element-851ce0c elementor-align-center elementor-widget elementor-widget-button\" data-id=\"851ce0c\" data-element_type=\"widget\" data-widget_type=\"button.default\">\n\t\t\t\t<div class=\"elementor-widget-container\">\n\t\t\t\t\t\t\t\t\t<div class=\"elementor-button-wrapper\">\n\t\t\t\t\t<a class=\"elementor-button elementor-button-link elementor-size-sm\" href=\"https:\/\/funpadem.org\/wp-content\/uploads\/2022\/02\/22.02.22_FS_PoliciayJuventud.pdf\" target=\"_blank\">\n\t\t\t\t\t\t<span class=\"elementor-button-content-wrapper\">\n\t\t\t\t\t\t\t\t\t<span class=\"elementor-button-text\">Descargar resumen<\/span>\n\t\t\t\t\t<\/span>\n\t\t\t\t\t<\/a>\n\t\t\t\t<\/div>\n\t\t\t\t\t\t\t\t<\/div>\n\t\t\t\t<\/div>\n\t\t\t\t\t<\/div>\n\t\t<\/div>\n\t\t\t\t\t<\/div>\n\t\t<\/section>\n\t\t\t\t<\/div>\n\t\t","protected":false},"excerpt":{"rendered":"<p>Monto: US $119,986.38 Donante: La Oficina Internacional de Asistencia Antinarc\u00f3ticos y Cumplimiento de la Ley (Bureau of International Narcotics and Law Enforcement Affairs) Tiempo de ejecuci\u00f3n: octubre 2017 &#8211; setiembre 2019 Pa\u00eds (es): Costa Rica El objetivo de este proyecto fue responder a las necesidades de la Fuerza P\u00fablica, y de los j\u00f3venes socialmente vulnerables, [&hellip;]<\/p>\n","protected":false},"author":1,"featured_media":9165,"comment_status":"open","ping_status":"closed","sticky":false,"template":"","format":"standard","meta":{"_bbp_topic_count":0,"_bbp_reply_count":0,"_bbp_total_topic_count":0,"_bbp_total_reply_count":0,"_bbp_voice_count":0,"_bbp_anonymous_reply_count":0,"_bbp_topic_count_hidden":0,"_bbp_reply_count_hidden":0,"_bbp_forum_subforum_count":0,"footnotes":""},"categories":[70,60,58],"tags":[],"class_list":["post-7089","post","type-post","status-publish","format-standard","has-post-thumbnail","hentry","category-2016-2020","category-costa-rica","category-seguridad-y-prevencion-de-la-violencia"],"_links":{"self":[{"href":"https:\/\/funpadem.org\/index.php\/wp-json\/wp\/v2\/posts\/7089","targetHints":{"allow":["GET"]}}],"collection":[{"href":"https:\/\/funpadem.org\/index.php\/wp-json\/wp\/v2\/posts"}],"about":[{"href":"https:\/\/funpadem.org\/index.php\/wp-json\/wp\/v2\/types\/post"}],"author":[{"embeddable":true,"href":"https:\/\/funpadem.org\/index.php\/wp-json\/wp\/v2\/users\/1"}],"replies":[{"embeddable":true,"href":"https:\/\/funpadem.org\/index.php\/wp-json\/wp\/v2\/comments?post=7089"}],"version-history":[{"count":21,"href":"https:\/\/funpadem.org\/index.php\/wp-json\/wp\/v2\/posts\/7089\/revisions"}],"predecessor-version":[{"id":9302,"href":"https:\/\/funpadem.org\/index.php\/wp-json\/wp\/v2\/posts\/7089\/revisions\/9302"}],"wp:featuredmedia":[{"embeddable":true,"href":"https:\/\/funpadem.org\/index.php\/wp-json\/wp\/v2\/media\/9165"}],"wp:attachment":[{"href":"https:\/\/funpadem.org\/index.php\/wp-json\/wp\/v2\/media?parent=7089"}],"wp:term":[{"taxonomy":"category","embeddable":true,"href":"https:\/\/funpadem.org\/index.php\/wp-json\/wp\/v2\/categories?post=7089"},{"taxonomy":"post_tag","embeddable":true,"href":"https:\/\/funpadem.org\/index.php\/wp-json\/wp\/v2\/tags?post=7089"}],"curies":[{"name":"wp","href":"https:\/\/api.w.org\/{rel}","templated":true}]}}