{"id":7095,"date":"2018-07-24T20:55:03","date_gmt":"2018-07-25T02:55:03","guid":{"rendered":"https:\/\/funpadem.org\/?p=7095"},"modified":"2022-08-18T11:17:04","modified_gmt":"2022-08-18T17:17:04","slug":"programa-regional-de-derechos-humanos-y-democracia-fase-1","status":"publish","type":"post","link":"https:\/\/funpadem.org\/index.php\/2018\/07\/24\/programa-regional-de-derechos-humanos-y-democracia-fase-1\/","title":{"rendered":"Programa regional de Derechos Humanos y Democracia &#8211; Fase 1"},"content":{"rendered":"<p><strong>Monto:<\/strong> US $1.000.000<\/p>\n<p><strong>Tiempo de Ejecuci\u00f3n:<\/strong> octubre 2018 \u2013 febrero 2021<\/p>\n<p><strong>Calificaci\u00f3n:<\/strong> Justicia y Cumplimiento Laboral<\/p>\n<p><strong>Pa\u00eds (es):<\/strong> El Salvador, Guatemala y Honduras<\/p>\n<p><strong>Contraparte:<\/strong> En colaboraci\u00f3n con La Comisi\u00f3n Interamericana de Derechos Humanos (IACHR), la Organizaci\u00f3n de Estados Iberoamericanos para la Educaci\u00f3n, Ciencia y Cultura (OEI), el Instituto Nacional de la Democracia (NDI), Solidarity Center, Internews y la Universidad de Notre Dame.<\/p>\n<p><strong>Donante:<\/strong> USAID<\/p>\n<p>&nbsp;<\/p>\n<p>En respuesta a la solicitud de USAID\/El Salvador para la incorporaci\u00f3n de los derechos laborales regionales en el Proyecto regional \u201cDerechos Humanos, Democracia y Derechos Laborales\u201d ejecutado por PADF en asocio con varias organizaciones de Centroam\u00e9rica, desarroll\u00f3 una serie de actividades de alto impacto para abordar las cuestiones espec\u00edficas de los pa\u00edses relacionadas con los derechos laborales, la justicia y las malas condiciones de trabajo en el Salvador, Guatemala y Honduras.<\/p>\n<p>&nbsp;<\/p>\n<p>La estrategia de implementaci\u00f3n de PADF combin\u00f3 la experiencia local, regional e internacional, la colaboraci\u00f3n multisectorial y un enfoque basado en los derechos para incorporar los derechos laborales en el proyecto regional de derechos humanos y democracia existente. PADF en asocio con FUNPADEM, desarrollaron enfoques innovadores para trabajar con organizaciones de trabajadores, sociedad civil y personas funcionarias del Gobierno para hacer cumplir las pol\u00edticas de no discriminaci\u00f3n y aumentar el acceso a la justicia laboral para las poblaciones vulnerables.<\/p>\n<p>&nbsp;<\/p>\n<p>De acuerdo con los objetivos originales del proyecto, el enfoque de PADF-FUNPADEM para defender y promover los derechos laborales busc\u00f3 construir la capacidad local, promover la propiedad local de estrategias y actividades, y asegurar la sostenibilidad m\u00e1s all\u00e1 del final del proyecto.<\/p>\n<p>&nbsp;<\/p>\n<p>Resultados Obtenidos:<\/p>\n<ol>\n<li>Elaboraci\u00f3n y dise\u00f1o de una Caja de Herramientas basada en educaci\u00f3n popular en Derechos Humanos, para miembros de asociaciones de trabajadores de Guatemala, Honduras y El Salvador (con \u00e9nfasis al sector agroexportador, trabajo dom\u00e9stico y maquila).<\/li>\n<li>Dise\u00f1o e implementaci\u00f3n del Programa de capacitaci\u00f3n sobre &#8220;Sensibilizaci\u00f3n a los inspectores de la Inspecci\u00f3n General de Trabajo (IGT) del Ministerio de Trabajo y Bienestar Social de Guatemala sobre Derechos Humanos y Derechos Laborales de las poblaciones en condiciones de vulnerabilidad (mujeres, migrantes, pueblos ind\u00edgenas y sexualmente diversas)&#8221; a 23 Delegados Departamentales de la Inspecci\u00f3n General de Trabajo (IGT).<\/li>\n<li>Elaboraci\u00f3n del Manual de Capacitaci\u00f3n para el &#8220;Proceso de formaci\u00f3n en derechos laborales con enfoque de derechos humanos para Promotores de Derechos Laborales en Guatemala&#8221; con 10 m\u00f3dulos de formaci\u00f3n, e implementaci\u00f3n de dos M\u00f3dulos del Programa de Formaci\u00f3n de 40 horas a 32 mujeres ind\u00edgenas de Mixco, Sacatep\u00e9quez y Chimaltenango, Guatemala en derechos laborales con enfoque de derechos humanos para Promotores de Derechos Laborales en Guatemala.<\/li>\n<li>Elaboraci\u00f3n del &#8220;Diagn\u00f3stico sobre el Acceso a la Justicia Laboral de las mujeres trabajadoras en El Salvador&#8221;.<\/li>\n<li>Elaboraci\u00f3n del Manual de Capacitaci\u00f3n para el &#8220;Proceso de formaci\u00f3n en derechos laborales con enfoque de derechos humanos para Promotores de Derechos Laborales en El Salvador&#8221; con 4 unidades tem\u00e1ticas, e implementaci\u00f3n del Curso B\u00e1sico Virtual sobre Derechos Laborales en El Salvador de 40 horas a 82 personas de comunidades en derechos laborales con enfoque de derechos humanos para Promotores de Derechos Laborales.<\/li>\n<li>Elaboraci\u00f3n del Modelo para el Fortalecimiento de la Ventanilla Laboral de Ciudad Mujer en Tegucigalpa, Honduras.<\/li>\n<\/ol>\n","protected":false},"excerpt":{"rendered":"<p>Monto: US $1.000.000 Tiempo de Ejecuci\u00f3n: octubre 2018 \u2013 febrero 2021 Calificaci\u00f3n: Justicia y Cumplimiento Laboral Pa\u00eds (es): El Salvador, Guatemala y Honduras Contraparte: En colaboraci\u00f3n con La Comisi\u00f3n Interamericana de Derechos Humanos (IACHR), la Organizaci\u00f3n de Estados Iberoamericanos para la Educaci\u00f3n, Ciencia y Cultura (OEI), el Instituto Nacional de la Democracia (NDI), Solidarity Center, [&hellip;]<\/p>\n","protected":false},"author":1,"featured_media":7096,"comment_status":"open","ping_status":"closed","sticky":false,"template":"","format":"standard","meta":{"_bbp_topic_count":0,"_bbp_reply_count":0,"_bbp_total_topic_count":0,"_bbp_total_reply_count":0,"_bbp_voice_count":0,"_bbp_anonymous_reply_count":0,"_bbp_topic_count_hidden":0,"_bbp_reply_count_hidden":0,"_bbp_forum_subforum_count":0,"footnotes":""},"categories":[70,71,62,64,63,56],"tags":[],"class_list":["post-7095","post","type-post","status-publish","format-standard","has-post-thumbnail","hentry","category-2016-2020","category-2021-2025","category-el-salvador","category-guatemala","category-honduras","category-justicia-y-cumplimiento"],"_links":{"self":[{"href":"https:\/\/funpadem.org\/index.php\/wp-json\/wp\/v2\/posts\/7095","targetHints":{"allow":["GET"]}}],"collection":[{"href":"https:\/\/funpadem.org\/index.php\/wp-json\/wp\/v2\/posts"}],"about":[{"href":"https:\/\/funpadem.org\/index.php\/wp-json\/wp\/v2\/types\/post"}],"author":[{"embeddable":true,"href":"https:\/\/funpadem.org\/index.php\/wp-json\/wp\/v2\/users\/1"}],"replies":[{"embeddable":true,"href":"https:\/\/funpadem.org\/index.php\/wp-json\/wp\/v2\/comments?post=7095"}],"version-history":[{"count":1,"href":"https:\/\/funpadem.org\/index.php\/wp-json\/wp\/v2\/posts\/7095\/revisions"}],"predecessor-version":[{"id":7097,"href":"https:\/\/funpadem.org\/index.php\/wp-json\/wp\/v2\/posts\/7095\/revisions\/7097"}],"wp:featuredmedia":[{"embeddable":true,"href":"https:\/\/funpadem.org\/index.php\/wp-json\/wp\/v2\/media\/7096"}],"wp:attachment":[{"href":"https:\/\/funpadem.org\/index.php\/wp-json\/wp\/v2\/media?parent=7095"}],"wp:term":[{"taxonomy":"category","embeddable":true,"href":"https:\/\/funpadem.org\/index.php\/wp-json\/wp\/v2\/categories?post=7095"},{"taxonomy":"post_tag","embeddable":true,"href":"https:\/\/funpadem.org\/index.php\/wp-json\/wp\/v2\/tags?post=7095"}],"curies":[{"name":"wp","href":"https:\/\/api.w.org\/{rel}","templated":true}]}}