{"id":7101,"date":"2021-07-24T21:03:00","date_gmt":"2021-07-25T03:03:00","guid":{"rendered":"https:\/\/funpadem.org\/?p=7101"},"modified":"2021-07-24T21:03:00","modified_gmt":"2021-07-25T03:03:00","slug":"capacitacion-en-sistematizacion-de-resultados-construccion-e-impresion-de-la-memoria-grafica-del-proyecto-regional-fortalecimiento-de-la-justicia-restaurativa","status":"publish","type":"post","link":"https:\/\/funpadem.org\/index.php\/2021\/07\/24\/capacitacion-en-sistematizacion-de-resultados-construccion-e-impresion-de-la-memoria-grafica-del-proyecto-regional-fortalecimiento-de-la-justicia-restaurativa\/","title":{"rendered":"Capacitaci\u00f3n en sistematizaci\u00f3n de resultados, construcci\u00f3n e Impresi\u00f3n de la Memoria Gr\u00e1fica del Proyecto Regional Fortalecimiento de la Justicia Restaurativa"},"content":{"rendered":"<p><strong>Monto<\/strong>: US $9204.14<\/p>\n<p><strong>Tiempo de ejecuci\u00f3n:<\/strong> Octubre 2019 &#8211; Enero 2020<\/p>\n<p><strong>Calificaci\u00f3n:<\/strong> Resoluci\u00f3n de Conflictos<\/p>\n<p><strong>Donantes<\/strong>: Direcci\u00f3n de Justicia Restaurativa del Poder Judicial de Costa Rica, con fondos de la Uni\u00f3n Europea<\/p>\n<p><strong>Pa\u00eds(es):<\/strong> Costa Rica<\/p>\n<p>&nbsp;<\/p>\n<p>El objetivo de esta consultor\u00eda es la construcci\u00f3n de la Memoria Gr\u00e1fica del Proyecto Regional &#8220;Fortalecimiento de la Justicia Restaurativa&#8221; financiado por la Uni\u00f3n Europea y ejecutado en Colombia, M\u00e9xico y Costa Rica. Este proyecto es coordinado por la Direcci\u00f3n de Justicia Restaurativa del Poder Judicial de la Rep\u00fablica de Costa Rica en estos tres pa\u00edses.<\/p>\n<p>&nbsp;<\/p>\n<p>Los resultados de este proyecto fueron:<\/p>\n<ol>\n<li>Realizaci\u00f3n de un taller sobre los aspectos b\u00e1sicos de sistematizaci\u00f3n de resultados y la profundizaci\u00f3n de los resultados propios del proyecto regional &#8220;Fortalecimiento de la Justicia Restaurativa&#8221;. Para esto fue necesario el an\u00e1lisis del Marco L\u00f3gico del proyecto, los informes anuales rendidos a la Uni\u00f3n Europea y al Consejo Superior del Poder Judicial de Costa Rica, encuestas, actividades publicaci\u00f3n, etc.<\/li>\n<li>Sistematizaci\u00f3n de los resultados del proyecto regional &#8220;Fortalecimiento de la Justicia Restaurativa&#8221;.<\/li>\n<li>Impresi\u00f3n de 250 unidades de la memoria gr\u00e1fica.<\/li>\n<li>Participaci\u00f3n en la presentaci\u00f3n oficial de la memoria y de los resultados del proyecto regional &#8220;Fortalecimiento de la Justicia Restaurativa&#8221;.<\/li>\n<li>Realizaci\u00f3n de un taller de buenas pr\u00e1cticas en la sistematizaci\u00f3n de hallazgos para proyectos.<\/li>\n<\/ol>\n<p>&nbsp;<\/p>\n<p>La memoria gr\u00e1fica puede ser consultada en el siguiente enlace: <a href=\"https:\/\/funpadem.org\/app\/webroot\/files\/publication\/files\/406_jrmemoria.pdf\">https:\/\/funpadem.org\/app\/webroot\/files\/publication\/files\/406_jrmemoria.pdf<\/a><\/p>\n","protected":false},"excerpt":{"rendered":"<p>Monto: US $9204.14 Tiempo de ejecuci\u00f3n: Octubre 2019 &#8211; Enero 2020 Calificaci\u00f3n: Resoluci\u00f3n de Conflictos Donantes: Direcci\u00f3n de Justicia Restaurativa del Poder Judicial de Costa Rica, con fondos de la Uni\u00f3n Europea Pa\u00eds(es): Costa Rica &nbsp; El objetivo de esta consultor\u00eda es la construcci\u00f3n de la Memoria Gr\u00e1fica del Proyecto Regional &#8220;Fortalecimiento de la Justicia [&hellip;]<\/p>\n","protected":false},"author":1,"featured_media":7102,"comment_status":"open","ping_status":"closed","sticky":false,"template":"","format":"standard","meta":{"_bbp_topic_count":0,"_bbp_reply_count":0,"_bbp_total_topic_count":0,"_bbp_total_reply_count":0,"_bbp_voice_count":0,"_bbp_anonymous_reply_count":0,"_bbp_topic_count_hidden":0,"_bbp_reply_count_hidden":0,"_bbp_forum_subforum_count":0,"footnotes":""},"categories":[70,60,59],"tags":[],"class_list":["post-7101","post","type-post","status-publish","format-standard","has-post-thumbnail","hentry","category-2016-2020","category-costa-rica","category-solucion-pacifica-de-conflictos"],"_links":{"self":[{"href":"https:\/\/funpadem.org\/index.php\/wp-json\/wp\/v2\/posts\/7101","targetHints":{"allow":["GET"]}}],"collection":[{"href":"https:\/\/funpadem.org\/index.php\/wp-json\/wp\/v2\/posts"}],"about":[{"href":"https:\/\/funpadem.org\/index.php\/wp-json\/wp\/v2\/types\/post"}],"author":[{"embeddable":true,"href":"https:\/\/funpadem.org\/index.php\/wp-json\/wp\/v2\/users\/1"}],"replies":[{"embeddable":true,"href":"https:\/\/funpadem.org\/index.php\/wp-json\/wp\/v2\/comments?post=7101"}],"version-history":[{"count":1,"href":"https:\/\/funpadem.org\/index.php\/wp-json\/wp\/v2\/posts\/7101\/revisions"}],"predecessor-version":[{"id":7103,"href":"https:\/\/funpadem.org\/index.php\/wp-json\/wp\/v2\/posts\/7101\/revisions\/7103"}],"wp:featuredmedia":[{"embeddable":true,"href":"https:\/\/funpadem.org\/index.php\/wp-json\/wp\/v2\/media\/7102"}],"wp:attachment":[{"href":"https:\/\/funpadem.org\/index.php\/wp-json\/wp\/v2\/media?parent=7101"}],"wp:term":[{"taxonomy":"category","embeddable":true,"href":"https:\/\/funpadem.org\/index.php\/wp-json\/wp\/v2\/categories?post=7101"},{"taxonomy":"post_tag","embeddable":true,"href":"https:\/\/funpadem.org\/index.php\/wp-json\/wp\/v2\/tags?post=7101"}],"curies":[{"name":"wp","href":"https:\/\/api.w.org\/{rel}","templated":true}]}}