{"id":7110,"date":"2021-07-24T21:13:34","date_gmt":"2021-07-25T03:13:34","guid":{"rendered":"https:\/\/funpadem.org\/?p=7110"},"modified":"2021-07-24T21:13:34","modified_gmt":"2021-07-25T03:13:34","slug":"revision-de-resultados-del-programa-dare-costa-rica","status":"publish","type":"post","link":"https:\/\/funpadem.org\/index.php\/2021\/07\/24\/revision-de-resultados-del-programa-dare-costa-rica\/","title":{"rendered":"Revisi\u00f3n de resultados del Programa DARE Costa Rica"},"content":{"rendered":"<p><strong>Monto<\/strong>: Proyecto de Extensi\u00f3n Social.<\/p>\n<p><strong>Tiempo de ejecuci\u00f3n:<\/strong> Septiembre 2019 &#8211; Diciembre 2020<\/p>\n<p><strong>Calificaci\u00f3n:<\/strong> Prevenci\u00f3n de la Violencia y Seguridad<\/p>\n<p><strong>Donantes<\/strong>: FUNPADEM<\/p>\n<p><strong>Pa\u00eds(es):<\/strong> Costa Rica<\/p>\n<p>&nbsp;<\/p>\n<p>El Objetivo de este proyecto fue: Obtener insumos que sirvan para facilitar los procesos de toma de decisi\u00f3n, de cara al futuro del programa D.A.R.E.<\/p>\n<p>Esta revisi\u00f3n brind\u00f3 informaci\u00f3n basada en evidencia, cre\u00edble, confiable y \u00fatil. Para ello, se utiliz\u00f3 un enfoque participativo, que asegur\u00f3 el involucramiento de los actores clave de los diferentes sectores involucrados en el Programa, incluyendo mayoritariamente beneficiarios directos e indirectos. Tambi\u00e9n se consider\u00f3 la perspectiva de los instructores, con el fin de poder determinar qu\u00e9 estaba funcionando y qu\u00e9 no en este programa, en t\u00e9rminos de contenido y de metodolog\u00edas de implementaci\u00f3n.<\/p>\n<p>Para esta revisi\u00f3n, se utiliz\u00f3 el enfoque de m\u00e9todos de valoraci\u00f3n r\u00e1pidos, mediante el uso de entrevistas semiestructuradas a actores clave, y de grupos focales para beneficiarios y otros actores clave; aunados a una revisi\u00f3n de documentaci\u00f3n que permiti\u00f3 contar con los insumos necesarios para desarrollar esta valoraci\u00f3n r\u00e1pida.<\/p>\n<p>Los pasos desarrollados en esta investigaci\u00f3n fueron los siguientes:<\/p>\n<ol>\n<li>\u00a0Revisi\u00f3n Documental:<\/li>\n<\/ol>\n<p>Mediante este proceso se identific\u00f3 informaci\u00f3n clave, adem\u00e1s se cont\u00f3 con insumos para la elaboraci\u00f3n de instrumentos para los grupos focales y las entrevistas semiestructuradas.<\/p>\n<ol>\n<li>Desarrollo de Entrevistas con Actores Clave:<\/li>\n<\/ol>\n<p>Se realizaron entrevistas semiestructuradas con actores clave, principalmente dentro de la Direcci\u00f3n de Programas Preventivos. Esto permiti\u00f3 obtener informaci\u00f3n sobre la relevancia del programa para la Fuerza P\u00fablica, y sobre el funcionamiento de este desde la perspectiva propia de la Fuerza P\u00fablica.<\/p>\n<p>Los grupos focales se realizaron en distintas poblaciones clave, enfatizando los beneficiarios directos: Estudiantes (beneficiarios directos), Docentes,\u00a0\u00a0 Instructores, Padres de Familia.<\/p>\n","protected":false},"excerpt":{"rendered":"<p>Monto: Proyecto de Extensi\u00f3n Social. Tiempo de ejecuci\u00f3n: Septiembre 2019 &#8211; Diciembre 2020 Calificaci\u00f3n: Prevenci\u00f3n de la Violencia y Seguridad Donantes: FUNPADEM Pa\u00eds(es): Costa Rica &nbsp; El Objetivo de este proyecto fue: Obtener insumos que sirvan para facilitar los procesos de toma de decisi\u00f3n, de cara al futuro del programa D.A.R.E. Esta revisi\u00f3n brind\u00f3 informaci\u00f3n [&hellip;]<\/p>\n","protected":false},"author":1,"featured_media":7111,"comment_status":"open","ping_status":"closed","sticky":false,"template":"","format":"standard","meta":{"_bbp_topic_count":0,"_bbp_reply_count":0,"_bbp_total_topic_count":0,"_bbp_total_reply_count":0,"_bbp_voice_count":0,"_bbp_anonymous_reply_count":0,"_bbp_topic_count_hidden":0,"_bbp_reply_count_hidden":0,"_bbp_forum_subforum_count":0,"footnotes":""},"categories":[70,60,58],"tags":[],"class_list":["post-7110","post","type-post","status-publish","format-standard","has-post-thumbnail","hentry","category-2016-2020","category-costa-rica","category-seguridad-y-prevencion-de-la-violencia"],"_links":{"self":[{"href":"https:\/\/funpadem.org\/index.php\/wp-json\/wp\/v2\/posts\/7110","targetHints":{"allow":["GET"]}}],"collection":[{"href":"https:\/\/funpadem.org\/index.php\/wp-json\/wp\/v2\/posts"}],"about":[{"href":"https:\/\/funpadem.org\/index.php\/wp-json\/wp\/v2\/types\/post"}],"author":[{"embeddable":true,"href":"https:\/\/funpadem.org\/index.php\/wp-json\/wp\/v2\/users\/1"}],"replies":[{"embeddable":true,"href":"https:\/\/funpadem.org\/index.php\/wp-json\/wp\/v2\/comments?post=7110"}],"version-history":[{"count":1,"href":"https:\/\/funpadem.org\/index.php\/wp-json\/wp\/v2\/posts\/7110\/revisions"}],"predecessor-version":[{"id":7112,"href":"https:\/\/funpadem.org\/index.php\/wp-json\/wp\/v2\/posts\/7110\/revisions\/7112"}],"wp:featuredmedia":[{"embeddable":true,"href":"https:\/\/funpadem.org\/index.php\/wp-json\/wp\/v2\/media\/7111"}],"wp:attachment":[{"href":"https:\/\/funpadem.org\/index.php\/wp-json\/wp\/v2\/media?parent=7110"}],"wp:term":[{"taxonomy":"category","embeddable":true,"href":"https:\/\/funpadem.org\/index.php\/wp-json\/wp\/v2\/categories?post=7110"},{"taxonomy":"post_tag","embeddable":true,"href":"https:\/\/funpadem.org\/index.php\/wp-json\/wp\/v2\/tags?post=7110"}],"curies":[{"name":"wp","href":"https:\/\/api.w.org\/{rel}","templated":true}]}}