{"id":8497,"date":"2021-09-03T14:48:50","date_gmt":"2021-09-03T20:48:50","guid":{"rendered":"https:\/\/funpadem.org\/?p=8497"},"modified":"2022-02-15T18:09:43","modified_gmt":"2022-02-16T00:09:43","slug":"defensa-publica-imparte-seminario-de-derecho-laboral-y-seguridad-social","status":"publish","type":"post","link":"https:\/\/funpadem.org\/index.php\/2021\/09\/03\/defensa-publica-imparte-seminario-de-derecho-laboral-y-seguridad-social\/","title":{"rendered":"Defensa P\u00fablica imparte seminario de derecho laboral y seguridad social"},"content":{"rendered":"\t\t<div data-elementor-type=\"wp-post\" data-elementor-id=\"8497\" class=\"elementor elementor-8497\" data-elementor-post-type=\"post\">\n\t\t\t\t\t\t<section class=\"elementor-section elementor-top-section elementor-element elementor-element-79900798 elementor-section-boxed elementor-section-height-default elementor-section-height-default\" data-id=\"79900798\" data-element_type=\"section\">\n\t\t\t\t\t\t<div class=\"elementor-container elementor-column-gap-default\">\n\t\t\t\t\t<div class=\"elementor-column elementor-col-100 elementor-top-column elementor-element elementor-element-40dcfbea\" data-id=\"40dcfbea\" data-element_type=\"column\">\n\t\t\t<div class=\"elementor-widget-wrap elementor-element-populated\">\n\t\t\t\t\t\t<div class=\"elementor-element elementor-element-7b1c16c0 elementor-widget elementor-widget-text-editor\" data-id=\"7b1c16c0\" data-element_type=\"widget\" data-widget_type=\"text-editor.default\">\n\t\t\t\t<div class=\"elementor-widget-container\">\n\t\t\t\t\t\t\t\t\t<p><strong>Fecha: <\/strong>3 de Septiembre 2021<\/p><div id=\"asideLeft1\"><ul><li><span lang=\"ES\">La actividad cont\u00f3 con interpretaci\u00f3n en LESCO.<\/span><\/li><\/ul><p class=\"x_x_MsoNormal\"><span lang=\"ES\">La Defensa P\u00fablica realiz\u00f3 los d\u00edas 30 y 31 de agosto, el Seminario Nacional de Derecho Laboral y Seguridad Social denominado: Los retos de la Defensa P\u00fablica en el acceso a la justicia laboral.<\/span><\/p><p class=\"x_x_MsoNormal\"><span lang=\"ES\">La actividad acad\u00e9mica se da en el marco del convenio espec\u00edfico de cooperaci\u00f3n suscrito entre el Poder Judicial y la Fundaci\u00f3n para la Paz y la Democracia (FUNPADEM).<\/span><\/p><p class=\"x_x_MsoNormal\"><span lang=\"ES\">Se realiz\u00f3 bajo la modalidad virtual y cont\u00f3 con la participaci\u00f3n de magistradas y magistrados de la Corte, abogados y abogadas de asistencia social de la Defensa P\u00fablica, personal t\u00e9cnico en esa materia de los juzgados laborales, facilitadores y facilitadoras judiciales, personas del Ministerio de Trabajo, as\u00ed como representantes de la Fundaci\u00f3n para la Paz y la Democracia, instituciones p\u00fablicas y privadas.<\/span><\/p><p class=\"x_x_MsoNormal\"><span lang=\"ES\">En el primer d\u00eda de seminario, las personas expositoras fueron Ana Marcia Aguiluz Soto, abogada experta en derecho internacional de los derechos humanos, Ana Brice\u00f1o Yock, Defensora P\u00fablica Supervisora, Dayana Ceciliano Cordero, y Jorge Arturo Ulloa Cordero, Defensora y Defensor P\u00fablico en materia laboral de San Jos\u00e9 respectivamente.<\/span><\/p><p class=\"x_x_MsoNormal\"><span lang=\"ES\">El Director de la instituci\u00f3n, Juan Carlos P\u00e9rez Murillo se\u00f1al\u00f3 que el pa\u00eds le encomend\u00f3 al Poder Judicial a trav\u00e9s de este \u00f3rgano auxiliar de justicia, una de las funciones m\u00e1s significativa para el fortalecimiento de la Democracia, que es la asesor\u00eda y representaci\u00f3n legal gratuita de las personas trabajadoras.<\/span><\/p><p class=\"x_x_MsoNormal\"><span lang=\"ES\">\u201cEl pa\u00eds apost\u00f3 por introducir cambios fundamentales en la jurisdicci\u00f3n laboral y en la tramitaci\u00f3n en los procesos laborales, para garantizar de manera efectiva el acceso a la justicia de un gran sector de la poblaci\u00f3n vulnerable de este pa\u00eds que se encontraba inerme ante la violaci\u00f3n constante de sus derechos laborales, se reconoci\u00f3 as\u00ed por primera vez, el derecho de las personas trabajadoras a contar con asesor\u00eda legal gratuita en materia laboral brindada por el Estado\u201d, se\u00f1al\u00f3 P\u00e9rez Murillo.<\/span><\/p><p class=\"x_x_MsoNormal\"><span lang=\"ES\">El acompa\u00f1amiento legal para las personas trabajadoras represent\u00f3 una reducci\u00f3n de las barreras que generaban una desigualdad de armas en el acceso a la justicia laboral de las personas m\u00e1s vulnerables en este pa\u00eds y un caminar en sinton\u00eda con los pronunciamientos de la Corte Interamericana de los Derechos Humanos.<\/span><\/p><p class=\"x_x_MsoNormal\"><span lang=\"ES\">El magistrado Orlando Aguirre G\u00f3mez, Presidente de la Sala Segunda resalt\u00f3 que el derecho de trabajo tiene dos objetivos, uno de ellos es normar institutos de car\u00e1cter sustantivos para la soluci\u00f3n de los posibles conflictos entre empleadores y trabajadores.\u00a0<\/span><\/p><p class=\"x_x_MsoNormal\"><span lang=\"ES\">\u201cEl derecho de trabajo se desarrolla a partir de un principio protector, lo que busca es poner en un plano de igualdad entre empleadores y trabajadores, para poder encontrar un tratamiento en la soluci\u00f3n de sus conflictos, esto es una conquista importante en materia de los derechos fundamentales de las personas, pero tiene otro objetivo que es el de la creaci\u00f3n de los remedios de la b\u00fasqueda de soluciones de esos conflictos no solo a nivel extrajudicial, sino tambi\u00e9n a nivel del plano judicial\u201d, se\u00f1al\u00f3 el magistrado Aguirre.<\/span><\/p><p class=\"x_x_MsoNormal\"><span lang=\"ES\">El Proyecto \u201cImplementando una cultura de cumplimiento laboral en el sector agroexportador de Costa Rica\u201d lo ejecuta la FUNPADEM y lo financia el Departamento de Trabajo del Gobierno de los Estados Unidos.<\/span><\/p><p class=\"x_x_MsoNormal\"><span lang=\"ES\">El seminario finaliz\u00f3 este 31 de agosto con la ponencia del Magistrado de la Sala Segunda Jorge Olaso \u00c1lvarez, Fernando V\u00edctor Vargas, Defensor P\u00fablico de Puntarenas; Natalia Chac\u00f3n Conejo, Defensora P\u00fablica Alajuela; Eduardo Vega Cort\u00e9s, Defensor P\u00fablico Ca\u00f1as; Betsy Garc\u00eda Charpentier, del Ministerio del Trabajo y Seguridad Social y Adri\u00e1n Todol\u00ed Signes, Profesor de Derecho del Trabajo de la Universidad Valencia.<\/span><\/p><\/div>\t\t\t\t\t\t\t\t<\/div>\n\t\t\t\t<\/div>\n\t\t\t\t\t<\/div>\n\t\t<\/div>\n\t\t\t\t\t<\/div>\n\t\t<\/section>\n\t\t\t\t<\/div>\n\t\t","protected":false},"excerpt":{"rendered":"<p>Fecha: 3 de Septiembre 2021 La actividad cont\u00f3 con interpretaci\u00f3n en LESCO. La Defensa P\u00fablica realiz\u00f3 los d\u00edas 30 y 31 de agosto, el Seminario Nacional de Derecho Laboral y Seguridad Social denominado: Los retos de la Defensa P\u00fablica en el acceso a la justicia laboral. La actividad acad\u00e9mica se da en el marco del [&hellip;]<\/p>\n","protected":false},"author":1,"featured_media":9242,"comment_status":"open","ping_status":"closed","sticky":false,"template":"","format":"standard","meta":{"_bbp_topic_count":0,"_bbp_reply_count":0,"_bbp_total_topic_count":0,"_bbp_total_reply_count":0,"_bbp_voice_count":0,"_bbp_anonymous_reply_count":0,"_bbp_topic_count_hidden":0,"_bbp_reply_count_hidden":0,"_bbp_forum_subforum_count":0,"footnotes":""},"categories":[100,96],"tags":[],"class_list":["post-8497","post","type-post","status-publish","format-standard","has-post-thumbnail","hentry","category-noticias","category-96"],"_links":{"self":[{"href":"https:\/\/funpadem.org\/index.php\/wp-json\/wp\/v2\/posts\/8497","targetHints":{"allow":["GET"]}}],"collection":[{"href":"https:\/\/funpadem.org\/index.php\/wp-json\/wp\/v2\/posts"}],"about":[{"href":"https:\/\/funpadem.org\/index.php\/wp-json\/wp\/v2\/types\/post"}],"author":[{"embeddable":true,"href":"https:\/\/funpadem.org\/index.php\/wp-json\/wp\/v2\/users\/1"}],"replies":[{"embeddable":true,"href":"https:\/\/funpadem.org\/index.php\/wp-json\/wp\/v2\/comments?post=8497"}],"version-history":[{"count":5,"href":"https:\/\/funpadem.org\/index.php\/wp-json\/wp\/v2\/posts\/8497\/revisions"}],"predecessor-version":[{"id":8510,"href":"https:\/\/funpadem.org\/index.php\/wp-json\/wp\/v2\/posts\/8497\/revisions\/8510"}],"wp:featuredmedia":[{"embeddable":true,"href":"https:\/\/funpadem.org\/index.php\/wp-json\/wp\/v2\/media\/9242"}],"wp:attachment":[{"href":"https:\/\/funpadem.org\/index.php\/wp-json\/wp\/v2\/media?parent=8497"}],"wp:term":[{"taxonomy":"category","embeddable":true,"href":"https:\/\/funpadem.org\/index.php\/wp-json\/wp\/v2\/categories?post=8497"},{"taxonomy":"post_tag","embeddable":true,"href":"https:\/\/funpadem.org\/index.php\/wp-json\/wp\/v2\/tags?post=8497"}],"curies":[{"name":"wp","href":"https:\/\/api.w.org\/{rel}","templated":true}]}}