{"id":9045,"date":"2022-02-10T18:37:15","date_gmt":"2022-02-11T00:37:15","guid":{"rendered":"https:\/\/funpadem.org\/?p=9045"},"modified":"2022-02-25T15:07:59","modified_gmt":"2022-02-25T21:07:59","slug":"2020diagnosticonececidadesinst","status":"publish","type":"post","link":"https:\/\/funpadem.org\/index.php\/2022\/02\/10\/2020diagnosticonececidadesinst\/","title":{"rendered":"(2020) Diagn\u00f3stico de necesidades y capacidades institucionales"},"content":{"rendered":"\t\t<div data-elementor-type=\"wp-post\" data-elementor-id=\"9045\" class=\"elementor elementor-9045\" data-elementor-post-type=\"post\">\n\t\t\t\t\t\t<section class=\"elementor-section elementor-top-section elementor-element elementor-element-79900798 elementor-section-boxed elementor-section-height-default elementor-section-height-default\" data-id=\"79900798\" data-element_type=\"section\">\n\t\t\t\t\t\t<div class=\"elementor-container elementor-column-gap-default\">\n\t\t\t\t\t<div class=\"elementor-column elementor-col-100 elementor-top-column elementor-element elementor-element-40dcfbea\" data-id=\"40dcfbea\" data-element_type=\"column\">\n\t\t\t<div class=\"elementor-widget-wrap elementor-element-populated\">\n\t\t\t\t\t\t<div class=\"elementor-element elementor-element-7b1c16c0 elementor-widget elementor-widget-text-editor\" data-id=\"7b1c16c0\" data-element_type=\"widget\" data-widget_type=\"text-editor.default\">\n\t\t\t\t<div class=\"elementor-widget-container\">\n\t\t\t\t\t\t\t\t\t<h4>Categor\u00eda:\u00a0Procesos migratorios<br \/>Proyecto: <a href=\"https:\/\/funpadem.org\/index.php\/2021\/07\/24\/ventanillas-de-referencia-local-para-el-apoyo-migratorio\/\">Ventanillas de referencia local para el apoyo migratorio<\/a><\/h4><h3 class=\"titPublicacion\">(2020) Diagn\u00f3stico de necesidades y capacidades institucionales<\/h3><p>El presente Diagn\u00f3stico Multifocal de Necesidades (DMN) constituye la base de informaci\u00f3n y an\u00e1lisis para determinar el contexto general y los requisitos clave para responder al complejo fen\u00f3meno migratorio y sus componentes. Las caracter\u00edsticas y necesidades espec\u00edficas de apoyo de las comunidades de acogida y poblaci\u00f3n migrante en estas zonas, las capacidades institucionales de los diversos actores (personas migrantes, comunidades de acogida, municipalidades, instituciones p\u00fablicas, organizaciones de la sociedad civil y organismos internacionales). Asimismo, se ha prestado especial atenci\u00f3n a los mecanismos de coordinaci\u00f3n existentes, las buenas pr\u00e1cticas, as\u00ed como las oportunidades de fortalecimiento.<\/p><p>Este producto se desarroll\u00f3 en el marco del \u201c<a href=\"https:\/\/funpadem.org\/index.php\/2021\/07\/24\/ventanillas-de-referencia-local-para-el-apoyo-migratorio\/\">Ventanillas de Referencia Local para el Apoyo Migratorio<\/a>\u201d, financiado por Central American Regional Security Iniciative \u2013 US Departmente of State.<\/p>\t\t\t\t\t\t\t\t<\/div>\n\t\t\t\t<\/div>\n\t\t\t\t<div class=\"elementor-element elementor-element-4c53772 elementor-widget elementor-widget-button\" data-id=\"4c53772\" data-element_type=\"widget\" data-widget_type=\"button.default\">\n\t\t\t\t<div class=\"elementor-widget-container\">\n\t\t\t\t\t\t\t\t\t<div class=\"elementor-button-wrapper\">\n\t\t\t\t\t<a class=\"elementor-button elementor-button-link elementor-size-sm\" href=\"https:\/\/funpadem.org\/wp-content\/uploads\/2022\/02\/2020-Diagnostico-inst-para-atencion-migrantes.pdf\" target=\"_blank\">\n\t\t\t\t\t\t<span class=\"elementor-button-content-wrapper\">\n\t\t\t\t\t\t\t\t\t<span class=\"elementor-button-text\">DESCARGAR PDF<\/span>\n\t\t\t\t\t<\/span>\n\t\t\t\t\t<\/a>\n\t\t\t\t<\/div>\n\t\t\t\t\t\t\t\t<\/div>\n\t\t\t\t<\/div>\n\t\t\t\t\t<\/div>\n\t\t<\/div>\n\t\t\t\t\t<\/div>\n\t\t<\/section>\n\t\t\t\t<\/div>\n\t\t","protected":false},"excerpt":{"rendered":"<p>Categor\u00eda:\u00a0Procesos migratorios Proyecto: Ventanillas de referencia local para el apoyo migratorio (2020) Diagn\u00f3stico de necesidades y capacidades institucionales El presente Diagn\u00f3stico Multifocal de Necesidades (DMN) constituye la base de informaci\u00f3n y an\u00e1lisis para determinar el contexto general y los requisitos clave para responder al complejo fen\u00f3meno migratorio y sus componentes. Las caracter\u00edsticas y necesidades espec\u00edficas [&hellip;]<\/p>\n","protected":false},"author":2,"featured_media":0,"comment_status":"open","ping_status":"closed","sticky":false,"template":"","format":"standard","meta":{"_bbp_topic_count":0,"_bbp_reply_count":0,"_bbp_total_topic_count":0,"_bbp_total_reply_count":0,"_bbp_voice_count":0,"_bbp_anonymous_reply_count":0,"_bbp_topic_count_hidden":0,"_bbp_reply_count_hidden":0,"_bbp_forum_subforum_count":0,"footnotes":""},"categories":[110,114,102],"tags":[],"class_list":["post-9045","post","type-post","status-publish","format-standard","hentry","category-pub-gobernanza-democratica","category-pub-migracion","category-publicaciones"],"_links":{"self":[{"href":"https:\/\/funpadem.org\/index.php\/wp-json\/wp\/v2\/posts\/9045","targetHints":{"allow":["GET"]}}],"collection":[{"href":"https:\/\/funpadem.org\/index.php\/wp-json\/wp\/v2\/posts"}],"about":[{"href":"https:\/\/funpadem.org\/index.php\/wp-json\/wp\/v2\/types\/post"}],"author":[{"embeddable":true,"href":"https:\/\/funpadem.org\/index.php\/wp-json\/wp\/v2\/users\/2"}],"replies":[{"embeddable":true,"href":"https:\/\/funpadem.org\/index.php\/wp-json\/wp\/v2\/comments?post=9045"}],"version-history":[{"count":19,"href":"https:\/\/funpadem.org\/index.php\/wp-json\/wp\/v2\/posts\/9045\/revisions"}],"predecessor-version":[{"id":9615,"href":"https:\/\/funpadem.org\/index.php\/wp-json\/wp\/v2\/posts\/9045\/revisions\/9615"}],"wp:attachment":[{"href":"https:\/\/funpadem.org\/index.php\/wp-json\/wp\/v2\/media?parent=9045"}],"wp:term":[{"taxonomy":"category","embeddable":true,"href":"https:\/\/funpadem.org\/index.php\/wp-json\/wp\/v2\/categories?post=9045"},{"taxonomy":"post_tag","embeddable":true,"href":"https:\/\/funpadem.org\/index.php\/wp-json\/wp\/v2\/tags?post=9045"}],"curies":[{"name":"wp","href":"https:\/\/api.w.org\/{rel}","templated":true}]}}